{"id":6069,"date":"2020-07-01T14:33:32","date_gmt":"2020-07-01T14:33:32","guid":{"rendered":"https:\/\/senhorcarros.com\/?p=6069"},"modified":"2020-07-01T14:33:32","modified_gmt":"2020-07-01T14:33:32","slug":"top-10-formula-1","status":"publish","type":"post","link":"https:\/\/senhorcarros.com\/es\/top-10-formula-1\/","title":{"rendered":"Top 10: Los mejores coches y los mayores campeones de la historia de la F\u00f3rmula 1"},"content":{"rendered":"<!--advertisement--><div class=\"mx-5 sm:mx-0 sm:text-3xl text-2xl font-medium title-font mb-4 text-gray-900 text-left\">\n<h2 class=\"wp-block-heading\">Conoce los mejores nombres de la F\u00f3rmula 1<\/h2>\n<\/div><!--image--><div class=\"px-5 sm:px-0 sm:w-[800px] sm:ml-[50%] sm:-translate-x-2\/4 rounded-lg overflow-hidden mb-5 text-center\">\n<div class=\"wp-block-image\"><figure class=\"aligncenter size-large\"><img decoding=\"async\" loading=\"lazy\" src=\"https:\/\/ucarecdn.com\/d576790e-b9f2-4fbc-b4a7-4a4ee1880274\/-\/stretch\/off\/-\/preview\/1024x1024\/\" alt=\"F\u00f3rmula 1\" class=\"w-full object-cover object-center border mx-auto wp-image-6073\"\/><\/figure><\/div>\n<\/div><!--image--><div class=\"mx-5 sm:mx-0 prose leading-relaxed text-lg mb-5 text-left wp-paragraph\">\n<p>La F\u00f3rmula 1 est\u00e1 a punto de comenzar su 70.\u00aa temporada y, como todo en 2020, se vio interrumpida y retrasada por la pandemia del coronavirus. Con el campeonato comenzando en Austria, en Senhor Carros, tras un exhaustivo an\u00e1lisis, decidimos mostrarles cu\u00e1les son los mejores coches y pilotos de la historia de la categor\u00eda.\u00a0<\/p>\n<\/div><div class=\"mx-5 sm:mx-0 prose leading-relaxed text-lg mb-5 text-left wp-paragraph\">\n<p>\u00a1Para seguir la temporada que est\u00e1 por comenzar, mantente atento y con mucho conocimiento, solo lee el contenido a continuaci\u00f3n!&nbsp;<\/p>\n<\/div><div class=\"wp-block-lazyblock-cta lazyblock-cta-Z1xyckT\">\n  <section class=\"cta mx-5 sm:mx-0 text-gray-600 body-font my-10 border-gray-200 border-b border-l border-r sm:border-0\">\n    <div class=\"h-1 bg-gray-200 rounded overflow-hidden\">\n      <div class=\"w-24 h-full\"><\/div>\n    <\/div>\n    <div class=\"container px-5 pt-6 pb-6 mx-auto flex flex-wrap\" data-anchor-target=\"lazyBlock\">    \n    \n              <a class=\"flex flex-wrap content-center w-full mb-4 md:hidden\" href=\"https:\/\/senhorcarros.com\/es\/carros-1-0-mais-caros-do-brasil\/\"  data-analytics-label=\"ctaImage\" data-action=\"analytics#trackCTA\" aria-label=\"Los 10 autos 1.0 m\u00e1s caros de Brasil: ent\u00e9rate\">\n          <div class=\"m-auto float-none\">\n            <img decoding=\"async\" loading=\"lazy\" src=\"https:\/\/senhorcarros.com\/wp-content\/uploads\/sites\/146\/2022\/01\/pexels-photo-3136673.jpeg\" alt=\"Carro de luxo em alta velocidade\">\n          <\/div>\n        <\/a>\n            <h2 class=\"w-full sm:text-3xl text-2xl text-gray-900 font-medium title-font mb-2 text-center md:text-left md:w-2\/5\">\n        <a href=\"https:\/\/senhorcarros.com\/es\/carros-1-0-mais-caros-do-brasil\/\" data-analytics-label=\"ctaTitle\" data-action=\"analytics#trackCTA\" aria-label=\"Los 10 autos 1.0 m\u00e1s caros de Brasil: ent\u00e9rate\">\n            Los 10 autos 1.0 m\u00e1s caros de Brasil: ent\u00e9rate        <\/a>\n      <\/h2>\n      <div class=\"w-full md:w-3\/5 md:pl-6\">\n        <p class=\"text-center md:text-left leading-relaxed text-base\">\n            \u00a1Descubre cu\u00e1les son los modelos de coches 1.0 m\u00e1s caros en Brasil y haz un plan financiero antes de comprar uno!        <\/p>\n        <div class=\"flex mt-6 w-full flex-1 justify-center ml-auto md:mt-4 md:justify-start\" style=\"font-weight: bold;\">\n          <a class=\"inline-flex items-center\" href=\"https:\/\/senhorcarros.com\/es\/carros-1-0-mais-caros-do-brasil\/\"  data-analytics-label=\"ctaButton\" data-action=\"analytics#trackCTA\" >\n            Continuar leyendo            <svg fill=\"none\" stroke=\"currentColor\" stroke-linecap=\"round\" stroke-linejoin=\"round\" stroke-width=\"2\" class=\"w-4 h-4 ml-2\" viewbox=\"0 0 24 24\">\n              <path d=\"M5 12h14M12 5l7 7-7 7\"><\/path>\n            <\/svg>\n          <\/a>\n        <\/div>\n      <\/div>  \n          \n    <\/div>\n      <script type=\"module\"> function waitFor(conditionFunction) { const poll = resolve => { if(conditionFunction()) resolve(); else setTimeout(_ => poll(resolve), 400); }; return new Promise(poll); } import { Application, Controller } from \"\/wp-content\/themes\/twentytwentyone\/assets\/js\/stimulus.min.js\"; let Stimulus = Application.start(); Stimulus.register(\"anchor\", class extends Controller { static get targets() { return [ \"lazyBlock\", \"lazyBlockAnchor\" ]; } initialize() { this.active = false; this.passed = false; this.closed = false; this.anchorViews = 0; this.boundOnShowAnchor = this.onShowAnchor.bind(this); window.anchorReady = window.anchorReady || false; waitFor(_ => (window.scrollY > this.getHeightBlock() && !this.active)) .then(_ => { !window.anchorReady? this.visible() : ''; window.anchorReady = true; }); if (document.getElementById('landing')) { setTimeout(() => { !window.anchorReady ? this.visible() : ''; window.anchorReady = true; }, 1 * 30000); }; } connect() { this.onShowAnchor(); document.addEventListener(\"scroll\", this.boundOnShowAnchor); } disconnect() { document.removeEventListener(\"scroll\", this.boundOnShowAnchor); } visible() { if (document.getElementById('av-offerwall__wrapper')) { setTimeout(() => this.visible(), 20000); return; } if (document.getElementById('av-fixed__bottomWrapper') && document.getElementById('av-fixed__bottomWrapper').style.display !== 'none' && document.getElementById('av-fixed__bottomWrapper').getBoundingClientRect().height > 100) { setTimeout(() => this.visible(), 1000); return; } if (document.getElementById('av-fixed__bottomWrapper') && document.getElementById('av-fixed__bottomWrapper').style.display !== 'none' && document.getElementById('av-fixed__bottomWrapper').getBoundingClientRect().height > 10) { this.getAnchorElement().style.marginBottom = '60px'; } if (document.querySelector('[data-anchor-shown=\"true\"]') && document.querySelector('[data-anchor-shown=\"true\"]').style.bottom === '0px') { setTimeout(() => this.visible(), 1000); return; } if (!window.km2AnchorReady) { this.active = true; \/*this.getAnchorElement().style.animation = \"none\"; this.getAnchorElement().classList.remove('animate-show-down');*\/ \/*this.getAnchorElement().classList.add('animate-show-up');*\/ \/*setTimeout(() => {*\/ \/*this.getAnchorElement().style.animation = \"\";*\/ this.getAnchorElement().classList.add('animate-show-up'); this.getAnchorElement().classList.remove('hidden'); this.setAnchorViews(this.anchorViews+1); setTimeout(() => this.closeAnchor(), 20000); waitFor(_ => (document.getElementById('av-fixed__bottomWrapper') && document.getElementById('av-fixed__bottomWrapper').style.display !== 'none' && document.getElementById('av-fixed__bottomWrapper').getBoundingClientRect().height > 10 && this.getAnchorElement().style.marginBottom !== '60px')) .then(_ => { this.closeAnchor(); }); this.active = false; \/*}, 10);*\/ } } invisible() { this.active = true; this.getAnchorElement().style.animation = \"none\"; this.getAnchorElement().classList.remove('animate-show-up'); this.getAnchorElement().classList.add('animate-show-down'); setTimeout(() => { this.getAnchorElement().style.animation = \"\"; setTimeout(() => { this.getAnchorElement().classList.add('hidden'); this.active = false; }, 800); }, 10); } onShowAnchor() { let anchorReady = false;  \/*if (!this.active && !anchorReady) { if (this.getAnchorViews() <= 3) { if (window.scrollY > this.getHeightBlock()) { if (!this.passed && !this.closed) { this.visible(); this.passed = true; } } else { if (this.passed) { this.invisible(); this.passed = false; } } } else { if (!this.getAnchorElement().classList.contains('close')) { this.getAnchorElement().classList.add('close'); if (window.scrollY < this.getHeightBlock()) { this.invisible(); } } } }*\/ } closeAnchor() { if (this.closed) return; this.invisible(); this.getAnchorElement().classList.add('close'); this.closed = true; } getAnchorElement() { return this.lazyBlockAnchorTargets[0]; } getAnchorViews() { this.anchorViews = parseInt(sessionStorage.getItem(\"anchorViews\")) >= 1 ? parseInt(sessionStorage.getItem(\"anchorViews\")) : 0; return this.anchorViews; } setAnchorViews(views) { sessionStorage.setItem(\"anchorViews\", views); } getHeightBlock() { return this.lazyBlockTarget.offsetTop + this.lazyBlockTarget.offsetHeight - 110; } }) <\/script>  <div data-anchor-target=\"lazyBlockAnchor\" class=\"fixed w-full sm:w-96 px-3 py-2 bottom-0 left-0 hidden\" style=\"z-index: 999999;\" name=\"lazyBlockAnchor\">\n    <div class=\"grid justify-items-stretch\">        \n              <div class=\"relative justify-self-end top-4 -right-2\">\n          <button data-no-translation class=\"bg-white text-md font-medium text-center rounded-full h-7 w-7 border-2\" data-analytics-label=\"anchorCloseAnchor\" data-action=\"anchor#closeAnchor\" style=\"z-index: 999999;\">\n            X\n          <\/button>\n        <\/div>\n        <div class=\"justify-self-auto flex flex-col h-32 bg-white border-solid border-2 shadow-md rounded-md\">\n          <div class=\"flex my-0 h-full\">\n            <div class=\"w-2\/5 p-1 ml-2 mt-2 w-full\">\n              <a href=\"https:\/\/senhorcarros.com\/es\/carros-1-0-mais-caros-do-brasil\/\"  data-analytics-label=\"anchorImage\" data-action=\"analytics#trackCTA\">          \n                <img decoding=\"async\" loading=\"lazy\" alt=\"card\" class=\"w-full object-cover h-24 object-center rounded justify-self-auto border-2 border-gray-100\" src=\"https:\/\/senhorcarros.com\/wp-content\/uploads\/sites\/146\/2022\/01\/pexels-photo-3136673.jpeg\">          \n              <\/a>\n            <\/div>\n            <div class=\"w-3\/5 my-2\">\n              <p class=\"px-4 text-center text-xs h-1\/2\">\n                Los 10 autos 1.0 m\u00e1s caros de Brasil: ent\u00e9rate              <\/p>\n              <a href=\"https:\/\/senhorcarros.com\/es\/carros-1-0-mais-caros-do-brasil\/\"  data-analytics-label=\"anchorButton\" data-action=\"analytics#trackCTA\" >\n                <button class=\"flex w-5\/6 m-auto mt-2 border-0 py-1 px-3 focus:outline-none rounded\">                \n                  <p class=\"text-center w-full\" style=\"font-size: 0.67rem;\">\n                    Continuar leyendo                  <\/p>\n                <\/button>\n              <\/a>\n              <p class=\"text-gray-500 text-center mt-1\" style=\"font-size: 0.50rem;\">\n                Permanecer\u00e1s en el mismo lugar              <\/p>\n            <\/div>\n          <\/div>\n        <\/div>\n          <\/div>\n  <\/div>\n  <\/section>\n\n<\/div><!--advertisement--><div class=\"mx-5 sm:mx-0 sm:text-3xl text-2xl font-medium title-font mb-4 text-gray-900 text-left\">\n<h2 class=\"wp-block-heading\">Los 10 mejores coches de la historia de la F\u00f3rmula 1<\/h2>\n<\/div><div class=\"mx-5 sm:mx-0 prose leading-relaxed text-lg mb-5 text-left wp-paragraph\">\n<p>Antes de descubrir cu\u00e1les son los 10 mejores coches de la historia de la F\u00f3rmula 1, ya mencionamos que cuatro de ellos fueron pilotados por dos brasile\u00f1os: nuestros grandes y eternos Ayrton Senna y Rubens Barrichello. Descubre cu\u00e1les son estos coches ahora.&nbsp;<\/p>\n<\/div><!--advertisement--><div class=\"mx-5 sm:mx-0 sm:text-3xl text-2xl font-medium title-font mb-4 text-gray-900 text-left\">\n<h2 class=\"wp-block-heading\">10. Williams FW14B<\/h2>\n<\/div><div class=\"mx-5 sm:mx-0 prose leading-relaxed text-lg mb-5 text-left wp-paragraph\">\n<p>El Williams FW14B comenz\u00f3 a desarrollarse en 1991, y el dise\u00f1o fue la base de los coches del equipo ingl\u00e9s hasta 1994.&nbsp;<\/p>\n<\/div><div class=\"mx-5 sm:mx-0 prose leading-relaxed text-lg mb-5 text-left wp-paragraph\">\n<p>En 1992, a\u00f1o de su lanzamiento, el FW14B pr\u00e1cticamente no ten\u00eda rivales y Nigel Mansell fue el ganador. La suspensi\u00f3n electr\u00f3nica inteligente hizo que el coche respondiera de forma positiva en cualquier situaci\u00f3n de la pista, manteni\u00e9ndolo nivelado ante baches o pendientes.<\/p>\n<\/div><!--image--><div class=\"px-5 sm:px-0 sm:w-[800px] sm:ml-[50%] sm:-translate-x-2\/4 rounded-lg overflow-hidden mb-5 text-center\">\n<div class=\"wp-block-image\"><figure class=\"aligncenter size-large\"><img decoding=\"async\" loading=\"lazy\" src=\"https:\/\/ucarecdn.com\/b6bc1e12-f010-4f1d-8744-6eda5ce91b61\/-\/stretch\/off\/-\/preview\/1024x1024\/\" alt=\"Williams FW14B\" class=\"w-full object-cover object-center border mx-auto wp-image-6074\"\/><figcaption class=\"mt-5 text-xs text-center border-b pb-4\" >Williams FW14B<\/figcaption><\/figure><\/div>\n<\/div><!--image--><div class=\"mx-5 sm:mx-0 prose leading-relaxed text-lg mb-5 text-left wp-paragraph\">\n<p>De las 16 carreras disputadas, el coche gan\u00f3 10, sumando un total de 621 TP3T. Mansell fue campe\u00f3n con casi el doble de puntos que su compa\u00f1ero de equipo, Riccardo Patrese, quien contaba con el mismo equipo.<\/p>\n<\/div><!--advertisement--><div class=\"mx-5 sm:mx-0 sm:text-3xl text-2xl font-medium title-font mb-4 text-gray-900 text-left\">\n<h2 class=\"wp-block-heading\">9. McLaren MP4-5<\/h2>\n<\/div><div class=\"mx-5 sm:mx-0 prose leading-relaxed text-lg mb-5 text-left wp-paragraph\">\n<p>Utilizando el modelo MP4-4 como base, con especificaciones para esa temporada, el McLaren MP4-5 fue sin duda uno de los mejores coches de la historia de la F\u00f3rmula 1.&nbsp;<\/p>\n<\/div><!--image--><div class=\"px-5 sm:px-0 sm:w-[800px] sm:ml-[50%] sm:-translate-x-2\/4 rounded-lg overflow-hidden mb-5 text-center\">\n<div class=\"wp-block-image\"><figure class=\"aligncenter size-large\"><img decoding=\"async\" loading=\"lazy\" src=\"https:\/\/ucarecdn.com\/aa823294-9001-4fe9-8e6e-d229235bc6f9\/-\/stretch\/off\/-\/preview\/1024x1024\/\" alt=\"MP4-5\" class=\"w-full object-cover object-center border mx-auto wp-image-6070\"\/><figcaption class=\"mt-5 text-xs text-center border-b pb-4\" >McLaren MP4-5<\/figcaption><\/figure><\/div>\n<\/div><!--image--><div class=\"mx-5 sm:mx-0 prose leading-relaxed text-lg mb-5 text-left wp-paragraph\">\n<p>El coche se apoder\u00f3 de las pistas en 1989 y llev\u00f3 a Prost y Senna a luchar hasta la \u00faltima carrera por el t\u00edtulo mundial, iniciando una de las mayores rivalidades de la categor\u00eda. Equipado con el motor Honda V10 RA109-E de 3,5 L y unos 650 CV, el McLaren MP4-5 gan\u00f3 11 de las 16 carreras del campeonato.&nbsp;<\/p>\n<\/div><!--advertisement--><div class=\"mx-5 sm:mx-0 sm:text-3xl text-2xl font-medium title-font mb-4 text-gray-900 text-left\">\n<h2 class=\"wp-block-heading\">8. McLaren MP4-2&nbsp;<\/h2>\n<\/div><div class=\"mx-5 sm:mx-0 prose leading-relaxed text-lg mb-5 text-left wp-paragraph\">\n<p>El proyecto MP4-2 fue liderado por John Barnard y gan\u00f3 no s\u00f3lo 1 t\u00edtulo en la categor\u00eda, sino 3, con sus variaciones de chasis, llevando la copa de constructores a Woking en 1984 y 1985, y el subcampeonato en 1986.&nbsp;<\/p>\n<\/div><!--image--><div class=\"px-5 sm:px-0 sm:w-[800px] sm:ml-[50%] sm:-translate-x-2\/4 rounded-lg overflow-hidden mb-5 text-center\">\n<div class=\"wp-block-image\"><figure class=\"aligncenter size-large\"><img decoding=\"async\" loading=\"lazy\" src=\"https:\/\/ucarecdn.com\/71eaa0b1-68dd-4710-a907-a83168b78d59\/-\/stretch\/off\/-\/preview\/1024x1024\/\" alt=\"McLaren MP4-2 \" class=\"w-full object-cover object-center border mx-auto wp-image-6071\"\/><figcaption class=\"mt-5 text-xs text-center border-b pb-4\" >McLaren MP4-2&nbsp;<\/figcaption><\/figure><\/div>\n<\/div><!--image--><div class=\"mx-5 sm:mx-0 prose leading-relaxed text-lg mb-5 text-left wp-paragraph\">\n<p>En 1984, el a\u00f1o en que el M4-2 compiti\u00f3 por primera vez, Nikki Lauda se coron\u00f3 campe\u00f3n, con su compa\u00f1ero de equipo Alain Prost quedando segundo por tan solo medio punto. El equipo gan\u00f3 12 de las 16 carreras de esa temporada.<\/p>\n<\/div><!--advertisement--><div class=\"mx-5 sm:mx-0 sm:text-3xl text-2xl font-medium title-font mb-4 text-gray-900 text-left\">\n<h2 class=\"wp-block-heading\">7. Red Bull RB7<\/h2>\n<\/div><div class=\"mx-5 sm:mx-0 prose leading-relaxed text-lg mb-5 text-left wp-paragraph\">\n<p>El Red Bull RB7 fue desarrollado por el famoso dise\u00f1ador Adrian Newey y tuvo un rendimiento simplemente abrumador en 2011, garantizando el t\u00edtulo de pilotos a Sebastian Vettel con cuatro carreras por delante y el t\u00edtulo de constructores con tres.<\/p>\n<\/div><!--image--><div class=\"px-5 sm:px-0 sm:w-[800px] sm:ml-[50%] sm:-translate-x-2\/4 rounded-lg overflow-hidden mb-5 text-center\">\n<figure class=\"wp-block-image size-large\"><img decoding=\"async\" loading=\"lazy\" src=\"https:\/\/ucarecdn.com\/aa3e0f63-15af-4b36-9e60-d2182cfbe7a9\/-\/stretch\/off\/-\/preview\/1024x1024\/\" alt=\"Red Bull RB7\" class=\"w-full object-cover object-center border mx-auto wp-image-6079\"\/><figcaption class=\"mt-5 text-xs text-center border-b pb-4\" >Red Bull RB7<\/figcaption><\/figure>\n<\/div><!--image--><div class=\"mx-5 sm:mx-0 prose leading-relaxed text-lg mb-5 text-left wp-paragraph\">\n<p>El RB7 consigui\u00f3 18 pole positions en 19 carreras, con una tasa de \u00e9xito de 95%, y 12 victorias, con una tasa de \u00e9xito de 63%. El motor era un Renault RS27 V8 de 2.4 L.&nbsp;<\/p>\n<\/div><!--advertisement--><div class=\"mx-5 sm:mx-0 sm:text-3xl text-2xl font-medium title-font mb-4 text-gray-900 text-left\">\n<h2 class=\"wp-block-heading\">6. Williams FW18<\/h2>\n<\/div><div class=\"mx-5 sm:mx-0 prose leading-relaxed text-lg mb-5 text-left wp-paragraph\">\n<p>El Williams FW18 es otro monoplaza de F\u00f3rmula 1 dise\u00f1ado por Adrian Newey, pero esta vez con la participaci\u00f3n de Patrick Head. El modelo lleg\u00f3 a las pistas en 1996 e hizo que los pilotos del equipo ingl\u00e9s de aquel entonces, Damon Hill y Jacques Villeneuve, compitieran por el t\u00edtulo pr\u00e1cticamente en solitario.&nbsp;<\/p>\n<\/div><!--image--><div class=\"px-5 sm:px-0 sm:w-[800px] sm:ml-[50%] sm:-translate-x-2\/4 rounded-lg overflow-hidden mb-5 text-center\">\n<div class=\"wp-block-image\"><figure class=\"aligncenter size-large\"><img decoding=\"async\" loading=\"lazy\" src=\"https:\/\/ucarecdn.com\/591a84b0-30a5-4ce3-8254-0448687302ef\/-\/stretch\/off\/-\/preview\/1024x1024\/\" alt=\"Williams FW18\" class=\"w-full object-cover object-center border mx-auto wp-image-6076\"\/><figcaption class=\"mt-5 text-xs text-center border-b pb-4\" >Williams FW18<\/figcaption><\/figure><\/div>\n<\/div><!--image--><div class=\"mx-5 sm:mx-0 prose leading-relaxed text-lg mb-5 text-left wp-paragraph\">\n<p>Hill gan\u00f3 8 carreras y Villeneuve solo 4. Con esto, el equipo obtuvo 12 victorias en 16 carreras, un total de 75%. El FW18 estaba equipado con una transmisi\u00f3n semiautom\u00e1tica acoplada a un motor Renault V10 de 3.0 L. Como es habitual en la categor\u00eda, el equipo se afeit\u00f3 la barba, el pelo y el bigote ese a\u00f1o.<\/p>\n<\/div><!--advertisement--><div class=\"mx-5 sm:mx-0 sm:text-3xl text-2xl font-medium title-font mb-4 text-gray-900 text-left\">\n<h2 class=\"wp-block-heading\">5. Red Bull RB9<\/h2>\n<\/div><div class=\"mx-5 sm:mx-0 prose leading-relaxed text-lg mb-5 text-left wp-paragraph\">\n<p>Puede parecer una repetici\u00f3n, pero no lo es. Aqu\u00ed tenemos otro modelo dise\u00f1ado por Adrian Newey, otro modelo del equipo austriaco que no tuvo muchos problemas para triunfar en las pistas.&nbsp;<\/p>\n<\/div><div class=\"mx-5 sm:mx-0 prose leading-relaxed text-lg mb-5 text-left wp-paragraph\">\n<p>Conducido por Sebastian Vettel y Mark Webber, el RB9 domin\u00f3 la temporada 2013 de F\u00f3rmula 1, ganando 13 de las 19 carreras, generando un total de poco m\u00e1s de 68%.&nbsp;<\/p>\n<\/div><!--image--><div class=\"px-5 sm:px-0 sm:w-[800px] sm:ml-[50%] sm:-translate-x-2\/4 rounded-lg overflow-hidden mb-5 text-center\">\n<div class=\"wp-block-image\"><figure class=\"aligncenter size-large\"><img decoding=\"async\" loading=\"lazy\" src=\"https:\/\/ucarecdn.com\/36a539b7-6bcd-4c53-9373-1c387feff051\/-\/stretch\/off\/-\/preview\/1024x1024\/\" alt=\"Red Bull RB9\" class=\"w-full object-cover object-center border mx-auto wp-image-6072\"\/><figcaption class=\"mt-5 text-xs text-center border-b pb-4\" >Red Bull RB9<\/figcaption><\/figure><\/div>\n<\/div><!--image--><div class=\"mx-5 sm:mx-0 prose leading-relaxed text-lg mb-5 text-left wp-paragraph\">\n<p>El motor era, una vez m\u00e1s, un Renault, un V8 de 2,4 L con un r\u00e9gimen de revoluciones limitado a 18.000 rpm, una aut\u00e9ntica maravilla para los amantes de los motores. Adem\u00e1s, el RB9 contaba con un sistema de recuperaci\u00f3n de energ\u00eda de frenado, el KERS. Con este coche, Vettel gan\u00f3 su cuarto campeonato consecutivo. Hasta entonces, hab\u00eda sido el \u00faltimo coche del equipo en dominar el campeonato mundial.&nbsp;<\/p>\n<\/div><!--advertisement--><div class=\"mx-5 sm:mx-0 sm:text-3xl text-2xl font-medium title-font mb-4 text-gray-900 text-left\">\n<h2 class=\"wp-block-heading\">4. Ferrari F-2004<\/h2>\n<\/div><div class=\"mx-5 sm:mx-0 prose leading-relaxed text-lg mb-5 text-left wp-paragraph\">\n<p>Con Ross Brawn como director t\u00e9cnico y Rory Byrne como jefe de dise\u00f1o, Ferrari domin\u00f3 la temporada 2004 con soltura. Con el brasile\u00f1o Rubens Barrichello y el m\u00faltiple campe\u00f3n Michael Schumacher como pilotos, el F-2004 gan\u00f3 15 de las 18 carreras de esa temporada, alcanzando un r\u00e9cord de 83%.&nbsp;<\/p>\n<\/div><!--image--><div class=\"px-5 sm:px-0 sm:w-[800px] sm:ml-[50%] sm:-translate-x-2\/4 rounded-lg overflow-hidden mb-5 text-center\">\n<div class=\"wp-block-image\"><figure class=\"aligncenter size-large\"><img decoding=\"async\" loading=\"lazy\" src=\"https:\/\/ucarecdn.com\/0c0909af-8d4c-47fb-998b-6919823500b6\/-\/stretch\/off\/-\/preview\/1024x1024\/\" alt=\"Ferrari F-2004\" class=\"w-full object-cover object-center border mx-auto wp-image-6077\"\/><figcaption class=\"mt-5 text-xs text-center border-b pb-4\" >Ferrari F-2004<\/figcaption><\/figure><\/div>\n<\/div><!--image--><div class=\"mx-5 sm:mx-0 prose leading-relaxed text-lg mb-5 text-left wp-paragraph\">\n<p>Como era de esperar, el F-2004 estaba equipado con un potente motor Ferrari V10 de m\u00e1s de 900 caballos. El peso del coche y el piloto era de tan solo 605 kilos. El equipo de Maranello no tuvo rivales dignos este a\u00f1o.&nbsp;<\/p>\n<\/div><!--advertisement--><div class=\"mx-5 sm:mx-0 sm:text-3xl text-2xl font-medium title-font mb-4 text-gray-900 text-left\">\n<h2 class=\"wp-block-heading\">3. Mercedes W05 H\u00edbrido<\/h2>\n<\/div><div class=\"mx-5 sm:mx-0 prose leading-relaxed text-lg mb-5 text-left wp-paragraph\">\n<p>El Mercedes W05 Hybrid fue pilotado por Lewis Hamilton y Nico Rosberg en 2014, el primer a\u00f1o de la era h\u00edbrida de la F\u00f3rmula 1. El modelo estaba equipado con un motor Mercedes V6 1.6 turbo, con inyecci\u00f3n directa capaz de generar 730 caballos de potencia, adem\u00e1s de motores el\u00e9ctricos de recuperaci\u00f3n de energ\u00eda t\u00e9rmica y cin\u00e9tica que consegu\u00edan 161 caballos de potencia adicionales.&nbsp;<\/p>\n<\/div><!--image--><div class=\"px-5 sm:px-0 sm:w-[800px] sm:ml-[50%] sm:-translate-x-2\/4 rounded-lg overflow-hidden mb-5 text-center\">\n<figure class=\"wp-block-image size-large\"><img decoding=\"async\" loading=\"lazy\" src=\"https:\/\/ucarecdn.com\/a747dcc8-7b22-4205-a70e-2dcf6e2b1583\/-\/stretch\/off\/-\/preview\/1024x1024\/\" alt=\"Mercedes W05 Hybrid\" class=\"w-full object-cover object-center border mx-auto wp-image-6075\"\/><figcaption class=\"mt-5 text-xs text-center border-b pb-4\" >Mercedes W05 H\u00edbrido<\/figcaption><\/figure>\n<\/div><!--image--><div class=\"mx-5 sm:mx-0 prose leading-relaxed text-lg mb-5 text-left wp-paragraph\">\n<p>En la temporada 2014, ning\u00fan otro coche fue tan consistente como esta flecha plateada, que gan\u00f3 17 de las 19 carreras en total, adem\u00e1s de conseguir 18 pole positions.&nbsp;<\/p>\n<\/div><!--advertisement--><div class=\"mx-5 sm:mx-0 sm:text-3xl text-2xl font-medium title-font mb-4 text-gray-900 text-left\">\n<h2 class=\"wp-block-heading\">2. Ferrari F-2002<\/h2>\n<\/div><div class=\"mx-5 sm:mx-0 prose leading-relaxed text-lg mb-5 text-left wp-paragraph\">\n<p>En segundo lugar de nuestra lista se encuentra el Ferrari F-2002, otro proyecto de la asociaci\u00f3n entre Ross Brawn y Rory Byrne, que fue una aut\u00e9ntica pesadilla para la competici\u00f3n en la temporada 2002. Tambi\u00e9n pilotado por Schumacher y Barrichello, el coche estaba equipado con un motor Ferrari V10 atmosf\u00e9rico de 3,0 litros, instalado a 90\u00ba.<\/p>\n<\/div><!--image--><div class=\"px-5 sm:px-0 sm:w-[800px] sm:ml-[50%] sm:-translate-x-2\/4 rounded-lg overflow-hidden mb-5 text-center\">\n<div class=\"wp-block-image\"><figure class=\"aligncenter size-large\"><img decoding=\"async\" loading=\"lazy\" src=\"https:\/\/ucarecdn.com\/550b42cc-9816-4a70-be2d-bf66220ee33e\/-\/stretch\/off\/-\/preview\/1024x1024\/\" alt=\"Ferrari F-2002\" class=\"w-full object-cover object-center border mx-auto wp-image-6080\"\/><figcaption class=\"mt-5 text-xs text-center border-b pb-4\" >Ferrari F-2002<\/figcaption><\/figure><\/div>\n<\/div><!--image--><div class=\"mx-5 sm:mx-0 prose leading-relaxed text-lg mb-5 text-left wp-paragraph\">\n<p>En manos de la pareja de pilotos, el Ferrari F-2002 gan\u00f3 15 de las 17 carreras de esa temporada, con un coeficiente de rendimiento de 88%. El modelo fue tan eficiente que en 2003 el equipo utiliz\u00f3 una variante B en las primeras carreras mientras el nuevo coche a\u00fan no estaba listo.<\/p>\n<\/div><!--advertisement--><div class=\"mx-5 sm:mx-0 sm:text-3xl text-2xl font-medium title-font mb-4 text-gray-900 text-left\">\n<h2 class=\"wp-block-heading\">1. McLaren MP4-4<\/h2>\n<\/div><div class=\"mx-5 sm:mx-0 prose leading-relaxed text-lg mb-5 text-left wp-paragraph\">\n<p>Y en lo m\u00e1s alto de nuestra lista de los mejores coches de la historia de la F\u00f3rmula 1, tenemos el McLaren MP4-4, el coche que le dio a nuestro \u00eddolo Ayrton Senna su primer t\u00edtulo.&nbsp;<\/p>\n<\/div><div class=\"mx-5 sm:mx-0 prose leading-relaxed text-lg mb-5 text-left wp-paragraph\">\n<p>El MP4-4 est\u00e1 considerado una aut\u00e9ntica obra maestra, construida por Steve Nichols y Gordon Murray, y no ten\u00eda forma de estar en lo m\u00e1s alto de nuestra lista, despu\u00e9s de todo, incluso despu\u00e9s de tantos a\u00f1os, sigue siendo el principal poseedor de los r\u00e9cords de pole positions y victorias en una temporada en la categor\u00eda.<\/p>\n<\/div><div class=\"mx-5 sm:mx-0 prose leading-relaxed text-lg mb-5 text-left wp-paragraph\">\n<p>El McLaren MP4 gan\u00f3 15 de las 16 carreras, lo que le otorg\u00f3 un porcentaje de puntos de 93.75%. El porcentaje de puntos fue el mismo para el n\u00famero de pole positions. Adem\u00e1s, de 240 puntos posibles, el equipo gan\u00f3 199, lo que le otorg\u00f3 82.92% de los puntos disponibles. Para confirmar el dominio del modelo, de las 1031 vueltas de la temporada de 1988, el coche lider\u00f3 1003, o 97.28%.<\/p>\n<\/div><!--image--><div class=\"px-5 sm:px-0 sm:w-[800px] sm:ml-[50%] sm:-translate-x-2\/4 rounded-lg overflow-hidden mb-5 text-center\">\n<figure class=\"wp-block-image size-large\"><img decoding=\"async\" loading=\"lazy\" src=\"https:\/\/ucarecdn.com\/c5f3b3fd-a772-4c1a-b52c-40fbe36d3a0a\/-\/stretch\/off\/-\/preview\/1024x1024\/\" alt=\"McLaren MP4-4\" class=\"w-full object-cover object-center border mx-auto wp-image-6078\"\/><figcaption class=\"mt-5 text-xs text-center border-b pb-4\" >McLaren MP4-4<\/figcaption><\/figure>\n<\/div><!--image--><div class=\"mx-5 sm:mx-0 prose leading-relaxed text-lg mb-5 text-left wp-paragraph\">\n<p>Adem\u00e1s de la extrema habilidad, talento y audacia de Senna y Prost, el MP4-4 ten\u00eda un chasis con un centro de gravedad m\u00e1s bajo, lo que generaba m\u00e1s carga aerodin\u00e1mica, es decir, literalmente pegaba el auto al suelo en las curvas y daba m\u00e1s velocidad en las rectas.<\/p>\n<\/div><div class=\"mx-5 sm:mx-0 prose leading-relaxed text-lg mb-5 text-left wp-paragraph\">\n<p>Bajo el carenado, el MP4 albergaba un motor Honda V6 biturbo de casi 1500 cc y una potencia cercana a los 700 caballos. Un conjunto al que ning\u00fan piloto podr\u00eda criticar.&nbsp;<\/p>\n<\/div><!--advertisement--><div class=\"mx-5 sm:mx-0 sm:text-3xl text-2xl font-medium title-font mb-4 text-gray-900 text-left\">\n<h2 class=\"wp-block-heading\">Los mayores campeones de la historia de la F\u00f3rmula 1<\/h2>\n<\/div><div class=\"mx-5 sm:mx-0 prose leading-relaxed text-lg mb-5 text-left wp-paragraph\">\n<p>De nada sirve que ingenieros y dise\u00f1adores desarrollen coches r\u00e1pidos si no hay pilotos capaces de llevar estas m\u00e1quinas al l\u00edmite y ganar t\u00edtulos. Con esto en mente, tambi\u00e9n hemos elaborado una lista de los 10 pilotos con m\u00e1s t\u00edtulos en la m\u00e1xima categor\u00eda del automovilismo mundial. Descubre sus nombres.\u00a0<\/p>\n<\/div><!--advertisement--><div class=\"mx-5 sm:mx-0 sm:text-3xl text-2xl font-medium title-font mb-4 text-gray-900 text-left\">\n<h2 class=\"wp-block-heading\">10. Nelson Piquet<\/h2>\n<\/div><div class=\"mx-5 sm:mx-0 prose leading-relaxed text-lg mb-5 text-left wp-paragraph\">\n<p>El brasile\u00f1o Nelson Piquet fue el primer brasile\u00f1o en ganar tres t\u00edtulos mundiales. Nelson, como se le conoce hoy, fue dos veces campe\u00f3n con Brabham en 1981 y 1983, y una vez con Williams en 1987.<\/p>\n<\/div><!--image--><div class=\"px-5 sm:px-0 sm:w-[800px] sm:ml-[50%] sm:-translate-x-2\/4 rounded-lg overflow-hidden mb-5 text-center\">\n<div class=\"wp-block-image\"><figure class=\"aligncenter size-large\"><img decoding=\"async\" loading=\"lazy\" src=\"https:\/\/ucarecdn.com\/89f2531c-4b35-46d8-8e2b-3bde0a168828\/-\/stretch\/off\/-\/preview\/1024x1024\/\" alt=\"Nelson Piquet\" class=\"w-full object-cover object-center border mx-auto wp-image-6084\"\/><figcaption class=\"mt-5 text-xs text-center border-b pb-4\" >Nelson Piquet y su Brabham en 1991<\/figcaption><\/figure><\/div>\n<\/div><!--image--><!--advertisement--><div class=\"mx-5 sm:mx-0 sm:text-3xl text-2xl font-medium title-font mb-4 text-gray-900 text-left\">\n<h2 class=\"wp-block-heading\">9. Ayrton Senna<\/h2>\n<\/div><div class=\"mx-5 sm:mx-0 prose leading-relaxed text-lg mb-5 text-left wp-paragraph\">\n<p>Al igual que Nelson Piquet, Ayrton Senna tambi\u00e9n fue tres veces campe\u00f3n de F\u00f3rmula 1. Nuestro h\u00e9roe gan\u00f3 los t\u00edtulos en 1988, 1990 y 1991. Todos los t\u00edtulos de Senna los gan\u00f3 durante los a\u00f1os que corri\u00f3 para McLaren.<\/p>\n<\/div><!--image--><div class=\"px-5 sm:px-0 sm:w-[800px] sm:ml-[50%] sm:-translate-x-2\/4 rounded-lg overflow-hidden mb-5 text-center\">\n<figure class=\"wp-block-image size-large\"><img decoding=\"async\" loading=\"lazy\" src=\"https:\/\/ucarecdn.com\/7805d8d6-f118-4238-80b5-67b40c852236\/-\/stretch\/off\/-\/preview\/1024x1024\/\" alt=\"Ayrton Senna \" class=\"w-full object-cover object-center border mx-auto wp-image-6090\"\/><figcaption class=\"mt-5 text-xs text-center border-b pb-4\" >Ayrton Senna durante el GP de Brasil de 1991<\/figcaption><\/figure>\n<\/div><!--image--><!--advertisement--><div class=\"mx-5 sm:mx-0 sm:text-3xl text-2xl font-medium title-font mb-4 text-gray-900 text-left\">\n<h2 class=\"wp-block-heading\">&nbsp;8. Niki Lauda<\/h2>\n<\/div><div class=\"mx-5 sm:mx-0 prose leading-relaxed text-lg mb-5 text-left wp-paragraph\">\n<p>El austriaco Niki Lauda tambi\u00e9n se encuentra entre los 10 grandes campeones de la categor\u00eda. Campe\u00f3n en 1975 y 1977 con Ferrari y en 1984 con McLaren, Lauda es el \u00fanico piloto que ha sido campe\u00f3n con ambos equipos.&nbsp;<\/p>\n<\/div><!--image--><div class=\"px-5 sm:px-0 sm:w-[800px] sm:ml-[50%] sm:-translate-x-2\/4 rounded-lg overflow-hidden mb-5 text-center\">\n<figure class=\"wp-block-image size-large\"><img decoding=\"async\" loading=\"lazy\" src=\"https:\/\/ucarecdn.com\/7b5599e7-3e88-4169-9150-bd9266267002\/-\/stretch\/off\/-\/preview\/1024x1024\/\" alt=\"Niki Lauda\" class=\"w-full object-cover object-center border mx-auto wp-image-6081\"\/><figcaption class=\"mt-5 text-xs text-center border-b pb-4\" >Niki Lauda, Monza 1975<\/figcaption><\/figure>\n<\/div><!--image--><!--advertisement--><div class=\"mx-5 sm:mx-0 sm:text-3xl text-2xl font-medium title-font mb-4 text-gray-900 text-left\">\n<h2 class=\"wp-block-heading\">7. Jackie Stewart<\/h2>\n<\/div><div class=\"mx-5 sm:mx-0 prose leading-relaxed text-lg mb-5 text-left wp-paragraph\">\n<p>El piloto escoc\u00e9s Jackie Stewart es otro tricampe\u00f3n de F\u00f3rmula 1. Gan\u00f3 su primer campeonato en 1969 con Matra. En 1970, Stewart se uni\u00f3 a Tyrrell, donde gan\u00f3 dos t\u00edtulos m\u00e1s en 1971 y 1973.&nbsp;<\/p>\n<\/div><div class=\"mx-5 sm:mx-0 prose leading-relaxed text-lg mb-5 text-left wp-paragraph\">\n<p>El piloto tambi\u00e9n fue propietario de un equipo de F\u00f3rmula 1 que llevaba su apellido durante las temporadas 1997 a 1999, logrando una victoria con Johnny Herbert en el GP de Europa de 1999. Al a\u00f1o siguiente, el equipo fue vendido a Jaguar.&nbsp;<\/p>\n<\/div><!--image--><div class=\"px-5 sm:px-0 sm:w-[800px] sm:ml-[50%] sm:-translate-x-2\/4 rounded-lg overflow-hidden mb-5 text-center\">\n<div class=\"wp-block-image\"><figure class=\"aligncenter size-large\"><img decoding=\"async\" loading=\"lazy\" src=\"https:\/\/ucarecdn.com\/325bb464-4006-430e-abb9-1bbef03686f0\/-\/stretch\/off\/-\/preview\/1024x1024\/\" alt=\"Jackie Stewart\" class=\"w-full object-cover object-center border mx-auto wp-image-6085\"\/><figcaption class=\"mt-5 text-xs text-center border-b pb-4\" >Jackie Stewart y su Tyrell durante la etapa del campeonato de 1973<\/figcaption><\/figure><\/div>\n<\/div><!--image--><!--advertisement--><div class=\"mx-5 sm:mx-0 sm:text-3xl text-2xl font-medium title-font mb-4 text-gray-900 text-left\">\n<h2 class=\"wp-block-heading\">6. Jack Brabham<\/h2>\n<\/div><div class=\"mx-5 sm:mx-0 prose leading-relaxed text-lg mb-5 text-left wp-paragraph\">\n<p>El australiano es el \u00faltimo piloto de la categor\u00eda en ganar tres campeonatos. Brabham gan\u00f3 los t\u00edtulos en 1959 y 1960 con el equipo Cooper. Un hecho destacable en su primer t\u00edtulo fue que tuvo que forzar su coche durante los \u00faltimos 300 metros debido a un ensayo durante el GP de Estados Unidos. En 1969, como piloto y propietario del equipo, Brabham gan\u00f3 un tercer y emblem\u00e1tico t\u00edtulo.&nbsp;<\/p>\n<\/div><!--image--><div class=\"px-5 sm:px-0 sm:w-[800px] sm:ml-[50%] sm:-translate-x-2\/4 rounded-lg overflow-hidden mb-5 text-center\">\n<figure class=\"wp-block-image size-large\"><img decoding=\"async\" loading=\"lazy\" src=\"https:\/\/ucarecdn.com\/def07629-c2ce-4ad5-b313-d9d0979674a3\/-\/stretch\/off\/-\/preview\/1024x1024\/\" alt=\"Jack Brabham\" class=\"w-full object-cover object-center border mx-auto wp-image-6086\"\/><figcaption class=\"mt-5 text-xs text-center border-b pb-4\" >Jack Brabham y su Brabham de 1969<\/figcaption><\/figure>\n<\/div><!--image--><!--advertisement--><div class=\"mx-5 sm:mx-0 sm:text-3xl text-2xl font-medium title-font mb-4 text-gray-900 text-left\">\n<h2 class=\"wp-block-heading\">5. Sebasti\u00e1n Vettel<\/h2>\n<\/div><div class=\"mx-5 sm:mx-0 prose leading-relaxed text-lg mb-5 text-left wp-paragraph\">\n<p>El alem\u00e1n Sebastian Vettel ha tenido una racha de t\u00edtulos realmente mete\u00f3rica. Como piloto de RedBull, Vettel gan\u00f3 cuatro campeonatos entre 2010 y 2013, una haza\u00f1a poco com\u00fan en la F\u00f3rmula 1.<\/p>\n<\/div><!--image--><div class=\"px-5 sm:px-0 sm:w-[800px] sm:ml-[50%] sm:-translate-x-2\/4 rounded-lg overflow-hidden mb-5 text-center\">\n<figure class=\"wp-block-image size-large\"><img decoding=\"async\" loading=\"lazy\" src=\"https:\/\/ucarecdn.com\/f18f3613-0d8b-42d2-bf81-97e33c0d1772\/-\/stretch\/off\/-\/preview\/1024x1024\/\" alt=\"Sebastian Vettel\" class=\"w-full object-cover object-center border mx-auto wp-image-6087\"\/><figcaption class=\"mt-5 text-xs text-center border-b pb-4\" >Sebasti\u00e1n Vettel en Interlagos 2013<\/figcaption><\/figure>\n<\/div><!--image--><!--advertisement--><div class=\"mx-5 sm:mx-0 sm:text-3xl text-2xl font-medium title-font mb-4 text-gray-900 text-left\">\n<h2 class=\"wp-block-heading\">4. Alain Prost<\/h2>\n<\/div><div class=\"mx-5 sm:mx-0 prose leading-relaxed text-lg mb-5 text-left wp-paragraph\">\n<p>Apodado el profesor, el piloto franc\u00e9s no es muy bien visto en Brasil debido a su feroz disputa con Ayrton Senna durante su etapa en McLaren.&nbsp;<\/p>\n<\/div><div class=\"mx-5 sm:mx-0 prose leading-relaxed text-lg mb-5 text-left wp-paragraph\">\n<p>Prost gan\u00f3 tres t\u00edtulos para McLaren en 1985, 1986 y 1989. Cuando su relaci\u00f3n con Senna se volvi\u00f3 insostenible, se march\u00f3 a Ferrari, donde fue subcampe\u00f3n en 1990. Tras un a\u00f1o sab\u00e1tico en 1992, el profesor regres\u00f3 a la categor\u00eda en 1993 corriendo para Williams, gan\u00f3 su cuarto t\u00edtulo y se retir\u00f3.<\/p>\n<\/div><!--image--><div class=\"px-5 sm:px-0 sm:w-[800px] sm:ml-[50%] sm:-translate-x-2\/4 rounded-lg overflow-hidden mb-5 text-center\">\n<figure class=\"wp-block-image size-large\"><img decoding=\"async\" loading=\"lazy\" src=\"https:\/\/ucarecdn.com\/b92babb4-3f55-4740-9620-1e4ca1ab1914\/-\/stretch\/off\/-\/preview\/1024x1024\/\" alt=\"Alain Prost\" class=\"w-full object-cover object-center border mx-auto wp-image-6089\"\/><figcaption class=\"mt-5 text-xs text-center border-b pb-4\" >Alain Prost durante una etapa del campeonato de 1993<\/figcaption><\/figure>\n<\/div><!--image--><!--advertisement--><div class=\"mx-5 sm:mx-0 sm:text-3xl text-2xl font-medium title-font mb-4 text-gray-900 text-left\">\n<h2 class=\"wp-block-heading\">3. Juan Manuel Fangio<\/h2>\n<\/div><div class=\"mx-5 sm:mx-0 prose leading-relaxed text-lg mb-5 text-left wp-paragraph\">\n<p>Juan Manuel Fangio fue el primer cinco veces campe\u00f3n de F\u00f3rmula 1 y durante mucho tiempo el m\u00e1ximo campe\u00f3n de la categor\u00eda. El argentino gan\u00f3 los campeonatos en 1951, 1954, 1955, 1956 y 1957.&nbsp;<\/p>\n<\/div><div class=\"mx-5 sm:mx-0 prose leading-relaxed text-lg mb-5 text-left wp-paragraph\">\n<p>Su primer t\u00edtulo lo gan\u00f3 con Alfa Romeo, el segundo y el tercero con Maserati y Mercedes, el cuarto con Ferrari y el \u00faltimo de nuevo con Maserati. Es el \u00fanico piloto que ha sido campe\u00f3n con cuatro equipos diferentes; adem\u00e1s, Fangio fue subcampe\u00f3n en 1950 y 1953.<\/p>\n<\/div><!--image--><div class=\"px-5 sm:px-0 sm:w-[800px] sm:ml-[50%] sm:-translate-x-2\/4 rounded-lg overflow-hidden mb-5 text-center\">\n<figure class=\"wp-block-image size-large\"><img decoding=\"async\" loading=\"lazy\" src=\"https:\/\/ucarecdn.com\/0327bd7d-3c4f-454e-9fb7-ea3aeb182258\/-\/stretch\/off\/-\/preview\/1024x1024\/\" alt=\"Juan Manuel Fangio\" class=\"w-full object-cover object-center border mx-auto wp-image-6082\"\/><figcaption class=\"mt-5 text-xs text-center border-b pb-4\" >Juan Manuel Fangio y su Maserati<\/figcaption><\/figure>\n<\/div><!--image--><!--advertisement--><div class=\"mx-5 sm:mx-0 sm:text-3xl text-2xl font-medium title-font mb-4 text-gray-900 text-left\">\n<h2 class=\"wp-block-heading\">2. Lewis Hamilton<\/h2>\n<\/div><div class=\"mx-5 sm:mx-0 prose leading-relaxed text-lg mb-5 text-left wp-paragraph\">\n<p>El piloto brit\u00e1nico es el actual campe\u00f3n de la categor\u00eda y en la temporada 2020 buscar\u00e1 igualar el n\u00famero de t\u00edtulos de Michael Schumacher.&nbsp;<\/p>\n<\/div><div class=\"mx-5 sm:mx-0 prose leading-relaxed text-lg mb-5 text-left wp-paragraph\">\n<p>El ingl\u00e9s, que ya ostenta la mayor cantidad de pole positions, tambi\u00e9n podr\u00eda convertirse en el piloto m\u00e1s exitoso de la categor\u00eda este a\u00f1o. Hamilton se proclam\u00f3 campe\u00f3n por primera vez con McLaren en 2008 tras una feroz batalla con el brasile\u00f1o Felipe Massa hasta la \u00faltima curva.&nbsp;<\/p>\n<\/div><div class=\"mx-5 sm:mx-0 prose leading-relaxed text-lg mb-5 text-left wp-paragraph\">\n<p>En 2014, 2015, 2017, 2018 y 2019, el piloto gan\u00f3 los t\u00edtulos a bordo de Mercedes.&nbsp;<\/p>\n<\/div><!--image--><div class=\"px-5 sm:px-0 sm:w-[800px] sm:ml-[50%] sm:-translate-x-2\/4 rounded-lg overflow-hidden mb-5 text-center\">\n<figure class=\"wp-block-image size-large\"><img decoding=\"async\" loading=\"lazy\" src=\"https:\/\/ucarecdn.com\/a2fa6fb3-1317-4124-b17d-8310e87a7054\/-\/stretch\/off\/-\/preview\/1024x1024\/\" alt=\"Lewis Hamilton\" class=\"w-full object-cover object-center border mx-auto wp-image-6088\"\/><figcaption class=\"mt-5 text-xs text-center border-b pb-4\" >Lewis Hamilton durante el GP de Gran Breta\u00f1a de 2008<\/figcaption><\/figure>\n<\/div><!--image--><!--advertisement--><div class=\"mx-5 sm:mx-0 sm:text-3xl text-2xl font-medium title-font mb-4 text-gray-900 text-left\">\n<h2 class=\"wp-block-heading\">1. Michael Schumacher<\/h2>\n<\/div><div class=\"mx-5 sm:mx-0 prose leading-relaxed text-lg mb-5 text-left wp-paragraph\">\n<p>Y aqu\u00ed tenemos al mayor campe\u00f3n de la historia de la F\u00f3rmula 1. El alem\u00e1n, como Prost, no es muy bien visto por el p\u00fablico brasile\u00f1o por haber sido compa\u00f1ero de equipo de Rubens Barrichello durante las gloriosas temporadas de Ferrari en la d\u00e9cada de 2000.<\/p>\n<\/div><div class=\"mx-5 sm:mx-0 prose leading-relaxed text-lg mb-5 text-left wp-paragraph\">\n<p>Los dos primeros t\u00edtulos de Schumacher los gan\u00f3 con el ahora desaparecido equipo Benetton, en 1994 y 1995. Tras una breve pausa, el alem\u00e1n gan\u00f3 t\u00edtulos consecutivos entre 2000 y 2004, convirti\u00e9ndose en el piloto con m\u00e1s trofeos de la historia.&nbsp;<\/p>\n<\/div><!--image--><div class=\"px-5 sm:px-0 sm:w-[800px] sm:ml-[50%] sm:-translate-x-2\/4 rounded-lg overflow-hidden mb-5 text-center\">\n<figure class=\"wp-block-image size-large\"><img decoding=\"async\" loading=\"lazy\" src=\"https:\/\/ucarecdn.com\/fac4de74-1d6c-48c2-a040-1ea27f2b8faa\/-\/stretch\/off\/-\/preview\/1024x1024\/\" alt=\"Michael Schumacher\" class=\"w-full object-cover object-center border mx-auto wp-image-6083\"\/><figcaption class=\"mt-5 text-xs text-center border-b pb-4\" >Michael Schumacher y su Benetton durante el GP de Australia de 1994<\/figcaption><\/figure>\n<\/div><!--image--><div class=\"mx-5 sm:mx-0 prose leading-relaxed text-lg mb-5 text-left wp-paragraph\">\n<p>Si bien ganar un t\u00edtulo es una m\u00e9trica importante, es posible definir la calidad en t\u00e9rminos de conducci\u00f3n; hay pilotos sumamente competentes que han pasado por la categor\u00eda y no tienen t\u00edtulos o victorias seguidas.&nbsp;<\/p>\n<\/div><div class=\"wp-block-lazyblock-cta lazyblock-cta-uuTv9\">\n  <section class=\"cta mx-5 sm:mx-0 text-gray-600 body-font my-10 border-gray-200 border-b border-l border-r sm:border-0\">\n    <div class=\"h-1 bg-gray-200 rounded overflow-hidden\">\n      <div class=\"w-24 h-full\"><\/div>\n    <\/div>\n    <div class=\"container px-5 pt-6 pb-6 mx-auto flex flex-wrap\" data-anchor-target=\"lazyBlock\">    \n    \n              <a class=\"flex flex-wrap content-center w-full mb-4 md:hidden\" href=\"https:\/\/senhorcarros.com\/es\/leilao-de-carros-avariados-zero\/\"  data-analytics-label=\"ctaImage\" data-action=\"analytics#trackCTA\" aria-label=\"\u00bfQu\u00e9 es una subasta de veh\u00edculos nuevos da\u00f1ados?\">\n          <div class=\"m-auto float-none\">\n            <img decoding=\"async\" loading=\"lazy\" src=\"https:\/\/senhorcarros.com\/wp-content\/uploads\/sites\/146\/2021\/12\/photo-1570636802145-8cda1335fe54.jpg\" alt=\"Carros estacionados em um p\u00e1tio\">\n          <\/div>\n        <\/a>\n            <h2 class=\"w-full sm:text-3xl text-2xl text-gray-900 font-medium title-font mb-2 text-center md:text-left md:w-2\/5\">\n        <a href=\"https:\/\/senhorcarros.com\/es\/leilao-de-carros-avariados-zero\/\" data-analytics-label=\"ctaTitle\" data-action=\"analytics#trackCTA\" aria-label=\"\u00bfQu\u00e9 es una subasta de veh\u00edculos nuevos da\u00f1ados?\">\n            \u00bfQu\u00e9 es una subasta de veh\u00edculos nuevos da\u00f1ados?        <\/a>\n      <\/h2>\n      <div class=\"w-full md:w-3\/5 md:pl-6\">\n        <p class=\"text-center md:text-left leading-relaxed text-base\">\n            \u00a1Descubre qu\u00e9 es una subasta de coches nuevos averiados, cu\u00e1les son los beneficios de participar en este tipo de transacciones y, lo m\u00e1s importante, qu\u00e9 precauciones tomar!        <\/p>\n        <div class=\"flex mt-6 w-full flex-1 justify-center ml-auto md:mt-4 md:justify-start\" style=\"font-weight: bold;\">\n          <a class=\"inline-flex items-center\" href=\"https:\/\/senhorcarros.com\/es\/leilao-de-carros-avariados-zero\/\"  data-analytics-label=\"ctaButton\" data-action=\"analytics#trackCTA\" >\n            Continuar leyendo            <svg fill=\"none\" stroke=\"currentColor\" stroke-linecap=\"round\" stroke-linejoin=\"round\" stroke-width=\"2\" class=\"w-4 h-4 ml-2\" viewbox=\"0 0 24 24\">\n              <path d=\"M5 12h14M12 5l7 7-7 7\"><\/path>\n            <\/svg>\n          <\/a>\n        <\/div>\n      <\/div>  \n          \n    <\/div>\n      <script type=\"module\"> function waitFor(conditionFunction) { const poll = resolve => { if(conditionFunction()) resolve(); else setTimeout(_ => poll(resolve), 400); }; return new Promise(poll); } import { Application, Controller } from \"\/wp-content\/themes\/twentytwentyone\/assets\/js\/stimulus.min.js\"; let Stimulus = Application.start(); Stimulus.register(\"anchor\", class extends Controller { static get targets() { return [ \"lazyBlock\", \"lazyBlockAnchor\" ]; } initialize() { this.active = false; this.passed = false; this.closed = false; this.anchorViews = 0; this.boundOnShowAnchor = this.onShowAnchor.bind(this); window.anchorReady = window.anchorReady || false; waitFor(_ => (window.scrollY > this.getHeightBlock() && !this.active)) .then(_ => { !window.anchorReady? this.visible() : ''; window.anchorReady = true; }); if (document.getElementById('landing')) { setTimeout(() => { !window.anchorReady ? this.visible() : ''; window.anchorReady = true; }, 1 * 30000); }; } connect() { this.onShowAnchor(); document.addEventListener(\"scroll\", this.boundOnShowAnchor); } disconnect() { document.removeEventListener(\"scroll\", this.boundOnShowAnchor); } visible() { if (document.getElementById('av-offerwall__wrapper')) { setTimeout(() => this.visible(), 20000); return; } if (document.getElementById('av-fixed__bottomWrapper') && document.getElementById('av-fixed__bottomWrapper').style.display !== 'none' && document.getElementById('av-fixed__bottomWrapper').getBoundingClientRect().height > 100) { setTimeout(() => this.visible(), 1000); return; } if (document.getElementById('av-fixed__bottomWrapper') && document.getElementById('av-fixed__bottomWrapper').style.display !== 'none' && document.getElementById('av-fixed__bottomWrapper').getBoundingClientRect().height > 10) { this.getAnchorElement().style.marginBottom = '60px'; } if (document.querySelector('[data-anchor-shown=\"true\"]') && document.querySelector('[data-anchor-shown=\"true\"]').style.bottom === '0px') { setTimeout(() => this.visible(), 1000); return; } if (!window.km2AnchorReady) { this.active = true; \/*this.getAnchorElement().style.animation = \"none\"; this.getAnchorElement().classList.remove('animate-show-down');*\/ \/*this.getAnchorElement().classList.add('animate-show-up');*\/ \/*setTimeout(() => {*\/ \/*this.getAnchorElement().style.animation = \"\";*\/ this.getAnchorElement().classList.add('animate-show-up'); this.getAnchorElement().classList.remove('hidden'); this.setAnchorViews(this.anchorViews+1); setTimeout(() => this.closeAnchor(), 20000); waitFor(_ => (document.getElementById('av-fixed__bottomWrapper') && document.getElementById('av-fixed__bottomWrapper').style.display !== 'none' && document.getElementById('av-fixed__bottomWrapper').getBoundingClientRect().height > 10 && this.getAnchorElement().style.marginBottom !== '60px')) .then(_ => { this.closeAnchor(); }); this.active = false; \/*}, 10);*\/ } } invisible() { this.active = true; this.getAnchorElement().style.animation = \"none\"; this.getAnchorElement().classList.remove('animate-show-up'); this.getAnchorElement().classList.add('animate-show-down'); setTimeout(() => { this.getAnchorElement().style.animation = \"\"; setTimeout(() => { this.getAnchorElement().classList.add('hidden'); this.active = false; }, 800); }, 10); } onShowAnchor() { let anchorReady = false;  \/*if (!this.active && !anchorReady) { if (this.getAnchorViews() <= 3) { if (window.scrollY > this.getHeightBlock()) { if (!this.passed && !this.closed) { this.visible(); this.passed = true; } } else { if (this.passed) { this.invisible(); this.passed = false; } } } else { if (!this.getAnchorElement().classList.contains('close')) { this.getAnchorElement().classList.add('close'); if (window.scrollY < this.getHeightBlock()) { this.invisible(); } } } }*\/ } closeAnchor() { if (this.closed) return; this.invisible(); this.getAnchorElement().classList.add('close'); this.closed = true; } getAnchorElement() { return this.lazyBlockAnchorTargets[0]; } getAnchorViews() { this.anchorViews = parseInt(sessionStorage.getItem(\"anchorViews\")) >= 1 ? parseInt(sessionStorage.getItem(\"anchorViews\")) : 0; return this.anchorViews; } setAnchorViews(views) { sessionStorage.setItem(\"anchorViews\", views); } getHeightBlock() { return this.lazyBlockTarget.offsetTop + this.lazyBlockTarget.offsetHeight - 110; } }) <\/script>  <div data-anchor-target=\"lazyBlockAnchor\" class=\"fixed w-full sm:w-96 px-3 py-2 bottom-0 left-0 hidden\" style=\"z-index: 999999;\" name=\"lazyBlockAnchor\">\n    <div class=\"grid justify-items-stretch\">        \n              <div class=\"relative justify-self-end top-4 -right-2\">\n          <button data-no-translation class=\"bg-white text-md font-medium text-center rounded-full h-7 w-7 border-2\" data-analytics-label=\"anchorCloseAnchor\" data-action=\"anchor#closeAnchor\" style=\"z-index: 999999;\">\n            X\n          <\/button>\n        <\/div>\n        <div class=\"justify-self-auto flex flex-col h-32 bg-white border-solid border-2 shadow-md rounded-md\">\n          <div class=\"flex my-0 h-full\">\n            <div class=\"w-2\/5 p-1 ml-2 mt-2 w-full\">\n              <a href=\"https:\/\/senhorcarros.com\/es\/leilao-de-carros-avariados-zero\/\"  data-analytics-label=\"anchorImage\" data-action=\"analytics#trackCTA\">          \n                <img decoding=\"async\" loading=\"lazy\" alt=\"card\" class=\"w-full object-cover h-24 object-center rounded justify-self-auto border-2 border-gray-100\" src=\"https:\/\/senhorcarros.com\/wp-content\/uploads\/sites\/146\/2021\/12\/photo-1570636802145-8cda1335fe54.jpg\">          \n              <\/a>\n            <\/div>\n            <div class=\"w-3\/5 my-2\">\n              <p class=\"px-4 text-center text-xs h-1\/2\">\n                \u00bfQu\u00e9 es una subasta de veh\u00edculos nuevos da\u00f1ados?              <\/p>\n              <a href=\"https:\/\/senhorcarros.com\/es\/leilao-de-carros-avariados-zero\/\"  data-analytics-label=\"anchorButton\" data-action=\"analytics#trackCTA\" >\n                <button class=\"flex w-5\/6 m-auto mt-2 border-0 py-1 px-3 focus:outline-none rounded\">                \n                  <p class=\"text-center w-full\" style=\"font-size: 0.67rem;\">\n                    Continuar leyendo                  <\/p>\n                <\/button>\n              <\/a>\n              <p class=\"text-gray-500 text-center mt-1\" style=\"font-size: 0.50rem;\">\n                Permanecer\u00e1s en el mismo lugar              <\/p>\n            <\/div>\n          <\/div>\n        <\/div>\n          <\/div>\n  <\/div>\n  <\/section>\n\n<\/div>","protected":false},"excerpt":{"rendered":"<p>Conoce a los mejores nombres de la F\u00f3rmula 1. La F\u00f3rmula 1 est\u00e1 a punto de comenzar su 70.\u00aa temporada y, como todo en 2020, se vio interrumpida y retrasada por la pandemia del coronavirus. Con el campeonato comenzando en Austria, en Senhor Carros, tras un profundo an\u00e1lisis, decidimos mostrarte qui\u00e9nes son los mejores... <a class=\"more-link\" href=\"https:\/\/senhorcarros.com\/es\/top-10-formula-1\/\">Sigue leyendo <span class=\"screen-reader-text\">Top 10: Los mejores coches y los mayores campeones de la historia de la F\u00f3rmula 1<\/span><\/a><\/p>","protected":false},"author":0,"featured_media":6073,"comment_status":"closed","ping_status":"open","sticky":false,"template":"","format":"standard","meta":{"footnotes":""},"categories":[3],"tags":[],"yoast_head":"<!-- This site is optimized with the Yoast SEO plugin v23.3 - https:\/\/yoast.com\/wordpress\/plugins\/seo\/ -->\n<title>Top 10: Os melhores carros e maiores campe\u00f5es da hist\u00f3ria da F\u00f3rmula 1<\/title>\n<meta name=\"description\" content=\"Prestes a come\u00e7ar sua 70\u00aa temporada, conhe\u00e7a aqueles s\u00e3o os melhores carros e os maiores campe\u00f5es da hist\u00f3ria da F\u00f3rmula 1\" \/>\n<meta name=\"robots\" content=\"index, follow, max-snippet:-1, max-image-preview:large, max-video-preview:-1\" \/>\n<link rel=\"canonical\" href=\"https:\/\/senhorcarros.com\/es\/top-10-formula-1\/\" \/>\n<meta property=\"og:locale\" content=\"es_ES\" \/>\n<meta property=\"og:type\" content=\"article\" \/>\n<meta property=\"og:title\" content=\"Top 10: Os melhores carros e maiores campe\u00f5es da hist\u00f3ria da F\u00f3rmula 1\" \/>\n<meta property=\"og:description\" content=\"Prestes a come\u00e7ar sua 70\u00aa temporada, conhe\u00e7a aqueles s\u00e3o os melhores carros e os maiores campe\u00f5es da hist\u00f3ria da F\u00f3rmula 1\" \/>\n<meta property=\"og:url\" content=\"https:\/\/senhorcarros.com\/es\/top-10-formula-1\/\" \/>\n<meta property=\"og:site_name\" content=\"Senhor Carros\" \/>\n<meta property=\"article:published_time\" content=\"2020-07-01T14:33:32+00:00\" \/>\n<meta name=\"twitter:card\" content=\"summary_large_image\" \/>\n<meta name=\"twitter:label1\" content=\"Est. reading time\" \/>\n\t<meta name=\"twitter:data1\" content=\"11 minutos\" \/>\n<script type=\"application\/ld+json\" class=\"yoast-schema-graph\">{\"@context\":\"https:\/\/schema.org\",\"@graph\":[{\"@type\":\"WebPage\",\"@id\":\"https:\/\/senhorcarros.com\/top-10-formula-1\/\",\"url\":\"https:\/\/senhorcarros.com\/top-10-formula-1\/\",\"name\":\"Top 10: Os melhores carros e maiores campe\u00f5es da hist\u00f3ria da F\u00f3rmula 1\",\"isPartOf\":{\"@id\":\"https:\/\/senhorcarros.com\/#website\"},\"primaryImageOfPage\":{\"@id\":\"https:\/\/senhorcarros.com\/top-10-formula-1\/#primaryimage\"},\"image\":{\"@id\":\"https:\/\/senhorcarros.com\/top-10-formula-1\/#primaryimage\"},\"thumbnailUrl\":\"\",\"datePublished\":\"2020-07-01T14:33:32+00:00\",\"dateModified\":\"2020-07-01T14:33:32+00:00\",\"author\":{\"@id\":\"\"},\"description\":\"Prestes a come\u00e7ar sua 70\u00aa temporada, conhe\u00e7a aqueles s\u00e3o os melhores carros e os maiores campe\u00f5es da hist\u00f3ria da F\u00f3rmula 1\",\"breadcrumb\":{\"@id\":\"https:\/\/senhorcarros.com\/top-10-formula-1\/#breadcrumb\"},\"inLanguage\":\"es\",\"potentialAction\":[{\"@type\":\"ReadAction\",\"target\":[\"https:\/\/senhorcarros.com\/top-10-formula-1\/\"]}]},{\"@type\":\"ImageObject\",\"inLanguage\":\"es\",\"@id\":\"https:\/\/senhorcarros.com\/top-10-formula-1\/#primaryimage\",\"url\":\"\",\"contentUrl\":\"\"},{\"@type\":\"BreadcrumbList\",\"@id\":\"https:\/\/senhorcarros.com\/top-10-formula-1\/#breadcrumb\",\"itemListElement\":[{\"@type\":\"ListItem\",\"position\":1,\"name\":\"Home\",\"item\":\"https:\/\/senhorcarros.com\/\"},{\"@type\":\"ListItem\",\"position\":2,\"name\":\"Top 10: Os melhores carros e os maiores campe\u00f5es da hist\u00f3ria da F\u00f3rmula 1\"}]},{\"@type\":\"WebSite\",\"@id\":\"https:\/\/senhorcarros.com\/#website\",\"url\":\"https:\/\/senhorcarros.com\/\",\"name\":\"Senhor Carros\",\"description\":\"\",\"potentialAction\":[{\"@type\":\"SearchAction\",\"target\":{\"@type\":\"EntryPoint\",\"urlTemplate\":\"https:\/\/senhorcarros.com\/?s={search_term_string}\"},\"query-input\":\"required name=search_term_string\"}],\"inLanguage\":\"es\"}]}<\/script>\n<!-- \/ Yoast SEO plugin. -->","yoast_head_json":{"title":"Top 10: Os melhores carros e maiores campe\u00f5es da hist\u00f3ria da F\u00f3rmula 1","description":"Prestes a come\u00e7ar sua 70\u00aa temporada, conhe\u00e7a aqueles s\u00e3o os melhores carros e os maiores campe\u00f5es da hist\u00f3ria da F\u00f3rmula 1","robots":{"index":"index","follow":"follow","max-snippet":"max-snippet:-1","max-image-preview":"max-image-preview:large","max-video-preview":"max-video-preview:-1"},"canonical":"https:\/\/senhorcarros.com\/es\/top-10-formula-1\/","og_locale":"es_ES","og_type":"article","og_title":"Top 10: Os melhores carros e maiores campe\u00f5es da hist\u00f3ria da F\u00f3rmula 1","og_description":"Prestes a come\u00e7ar sua 70\u00aa temporada, conhe\u00e7a aqueles s\u00e3o os melhores carros e os maiores campe\u00f5es da hist\u00f3ria da F\u00f3rmula 1","og_url":"https:\/\/senhorcarros.com\/es\/top-10-formula-1\/","og_site_name":"Senhor Carros","article_published_time":"2020-07-01T14:33:32+00:00","twitter_card":"summary_large_image","twitter_misc":{"Est. reading time":"11 minutos"},"schema":{"@context":"https:\/\/schema.org","@graph":[{"@type":"WebPage","@id":"https:\/\/senhorcarros.com\/top-10-formula-1\/","url":"https:\/\/senhorcarros.com\/top-10-formula-1\/","name":"Top 10: Os melhores carros e maiores campe\u00f5es da hist\u00f3ria da F\u00f3rmula 1","isPartOf":{"@id":"https:\/\/senhorcarros.com\/#website"},"primaryImageOfPage":{"@id":"https:\/\/senhorcarros.com\/top-10-formula-1\/#primaryimage"},"image":{"@id":"https:\/\/senhorcarros.com\/top-10-formula-1\/#primaryimage"},"thumbnailUrl":"","datePublished":"2020-07-01T14:33:32+00:00","dateModified":"2020-07-01T14:33:32+00:00","author":{"@id":""},"description":"Prestes a come\u00e7ar sua 70\u00aa temporada, conhe\u00e7a aqueles s\u00e3o os melhores carros e os maiores campe\u00f5es da hist\u00f3ria da F\u00f3rmula 1","breadcrumb":{"@id":"https:\/\/senhorcarros.com\/top-10-formula-1\/#breadcrumb"},"inLanguage":"es","potentialAction":[{"@type":"ReadAction","target":["https:\/\/senhorcarros.com\/top-10-formula-1\/"]}]},{"@type":"ImageObject","inLanguage":"es","@id":"https:\/\/senhorcarros.com\/top-10-formula-1\/#primaryimage","url":"","contentUrl":""},{"@type":"BreadcrumbList","@id":"https:\/\/senhorcarros.com\/top-10-formula-1\/#breadcrumb","itemListElement":[{"@type":"ListItem","position":1,"name":"Home","item":"https:\/\/senhorcarros.com\/"},{"@type":"ListItem","position":2,"name":"Top 10: Os melhores carros e os maiores campe\u00f5es da hist\u00f3ria da F\u00f3rmula 1"}]},{"@type":"WebSite","@id":"https:\/\/senhorcarros.com\/#website","url":"https:\/\/senhorcarros.com\/","name":"Senhor Carros","description":"","potentialAction":[{"@type":"SearchAction","target":{"@type":"EntryPoint","urlTemplate":"https:\/\/senhorcarros.com\/?s={search_term_string}"},"query-input":"required name=search_term_string"}],"inLanguage":"es"}]}},"_links":{"self":[{"href":"https:\/\/senhorcarros.com\/es\/wp-json\/wp\/v2\/posts\/6069"}],"collection":[{"href":"https:\/\/senhorcarros.com\/es\/wp-json\/wp\/v2\/posts"}],"about":[{"href":"https:\/\/senhorcarros.com\/es\/wp-json\/wp\/v2\/types\/post"}],"replies":[{"embeddable":true,"href":"https:\/\/senhorcarros.com\/es\/wp-json\/wp\/v2\/comments?post=6069"}],"version-history":[{"count":0,"href":"https:\/\/senhorcarros.com\/es\/wp-json\/wp\/v2\/posts\/6069\/revisions"}],"wp:featuredmedia":[{"embeddable":true,"href":"https:\/\/senhorcarros.com\/es\/wp-json\/"}],"wp:attachment":[{"href":"https:\/\/senhorcarros.com\/es\/wp-json\/wp\/v2\/media?parent=6069"}],"wp:term":[{"taxonomy":"category","embeddable":true,"href":"https:\/\/senhorcarros.com\/es\/wp-json\/wp\/v2\/categories?post=6069"},{"taxonomy":"post_tag","embeddable":true,"href":"https:\/\/senhorcarros.com\/es\/wp-json\/wp\/v2\/tags?post=6069"}],"curies":[{"name":"wp","href":"https:\/\/api.w.org\/{rel}","templated":true}]}}