{"id":5217,"date":"2020-04-30T01:55:09","date_gmt":"2020-04-30T01:55:09","guid":{"rendered":"https:\/\/senhorcarros.com\/?p=5217"},"modified":"2020-04-30T01:55:09","modified_gmt":"2020-04-30T01:55:09","slug":"os-carros-que-mais-perderam-valor-em-2019-confira","status":"publish","type":"post","link":"https:\/\/senhorcarros.com\/es\/os-carros-que-mais-perderam-valor-em-2019-confira\/","title":{"rendered":"Los autos que m\u00e1s perdieron valor en 2019. \u00a1Cons\u00faltalos!"},"content":{"rendered":"<!--image--><div class=\"px-5 sm:px-0 sm:w-[800px] sm:ml-[50%] sm:-translate-x-2\/4 rounded-lg overflow-hidden mb-5 text-center\">\n<div class=\"wp-block-image\"><figure class=\"aligncenter size-large\"><img decoding=\"async\" loading=\"lazy\" src=\"https:\/\/ucarecdn.com\/63e8166d-c3ec-43bc-904c-1e737e72fba8\/-\/stretch\/off\/-\/preview\/1024x1024\/\" alt=\"como avaliar um carro usado\" class=\"w-full object-cover object-center border mx-auto wp-image-6857\"\/><figcaption class=\"mt-5 text-xs text-center border-b pb-4\" >Los coches que m\u00e1s perdieron valor en 2019<\/figcaption><\/figure><\/div>\n<\/div><!--image--><div class=\"mx-5 sm:mx-0 prose leading-relaxed text-lg mb-5 text-left wp-paragraph\">\n<p>En el a\u00f1o 2019 tuvimos muchos coches nuevos en el mercado y en consecuencia, varios que ya estaban en el mercado perdieron su valor debido y se convirtieron en los coches m\u00e1s devaluados del a\u00f1o 2019.&nbsp;<\/p>\n<\/div><div class=\"mx-5 sm:mx-0 prose leading-relaxed text-lg mb-5 text-left wp-paragraph\">\n<p>\u00a1Consulta el art\u00edculo completo sobre los coches que m\u00e1s valor perdieron en el \u00faltimo a\u00f1o!<\/p>\n<\/div><!--advertisement--><div class=\"mx-5 sm:mx-0 sm:text-3xl text-2xl font-medium title-font mb-4 text-gray-900 text-left\">\n<h2 class=\"wp-block-heading\">19 \u2013 Ford Ecosport<\/h2>\n<\/div><div class=\"mx-5 sm:mx-0 prose leading-relaxed text-lg mb-5 text-left wp-paragraph\">\n<p>El Ecosport, fabricado por Ford, es un veh\u00edculo muy conocido en el mercado nacional. Sin embargo, en 2019, registr\u00f3 bajas ventas y se reportaron problemas como un maletero peque\u00f1o y estrecho, espacio limitado y un acabado irregular. El Ecosport encabeza la lista de los autos m\u00e1s depreciados, con una depreciaci\u00f3n de -13.57%.<\/p>\n<\/div><!--image--><div class=\"px-5 sm:px-0 sm:w-[800px] sm:ml-[50%] sm:-translate-x-2\/4 rounded-lg overflow-hidden mb-5 text-center\">\n<div class=\"wp-block-image\"><figure class=\"aligncenter size-large\"><img decoding=\"async\" loading=\"lazy\" src=\"https:\/\/ucarecdn.com\/ea8a072c-5682-4f06-b745-17ba033bdec3\/\" alt=\"carros mais desvalorizados\" class=\"w-full object-cover object-center border mx-auto wp-image-5224\"\/><figcaption class=\"mt-5 text-xs text-center border-b pb-4\" >Ford Ecosport \u2013 Sr. Autos<\/figcaption><\/figure><\/div>\n<\/div><!--image--><!--advertisement--><div class=\"mx-5 sm:mx-0 sm:text-3xl text-2xl font-medium title-font mb-4 text-gray-900 text-left\">\n<h2 class=\"wp-block-heading\">18 \u2013 Jac T50<\/h2>\n<\/div><div class=\"mx-5 sm:mx-0 prose leading-relaxed text-lg mb-5 text-left wp-paragraph\">\n<p>Fabricado por Jac, el T50 es un coche poco conocido en nuestro mercado y se convirti\u00f3 en uno de los m\u00e1s depreciados de 2019, debido a varios reportes de problemas con el veh\u00edculo, como un volante pesado, problemas de direcci\u00f3n, bajo rendimiento, poca comodidad y falta de calidad en el equipamiento. El Jac T50 es el 18.\u00ba coche en nuestra lista de los m\u00e1s depreciados, con una depreciaci\u00f3n de -13.25%.<\/p>\n<\/div><!--image--><div class=\"px-5 sm:px-0 sm:w-[800px] sm:ml-[50%] sm:-translate-x-2\/4 rounded-lg overflow-hidden mb-5 text-center\">\n<figure class=\"wp-block-image size-large\"><img decoding=\"async\" loading=\"lazy\" src=\"https:\/\/ucarecdn.com\/b1f38a9c-fd9a-4c79-94d1-eb64d0eed175\/\" alt=\"carros mais desvalorizados\" class=\"w-full object-cover object-center border mx-auto wp-image-5226\"\/><figcaption class=\"mt-5 text-xs text-center border-b pb-4\" >Jac T50 \u2013 Se\u00f1or Coches<\/figcaption><\/figure>\n<\/div><!--image--><!--advertisement--><div class=\"mx-5 sm:mx-0 sm:text-3xl text-2xl font-medium title-font mb-4 text-gray-900 text-left\">\n<h2 class=\"wp-block-heading\">17 \u2013 Suzuki S-Cross<\/h2>\n<\/div><div class=\"mx-5 sm:mx-0 prose leading-relaxed text-lg mb-5 text-left wp-paragraph\">\n<p>El S-Cross es un coche hermoso y llamativo fabricado por Suzuki. Su acabado interior es incre\u00edble, pero eso no fue suficiente para evitar que se convirtiera en uno de los coches m\u00e1s depreciados de 2019. El consumo del veh\u00edculo es alto, la suspensi\u00f3n es dura, el precio es bastante elevado y pueden surgir varios problemas, como puertas que no se cierran autom\u00e1ticamente al conducir. Adem\u00e1s de las piezas fr\u00e1giles, el S-Cross solo se revisa cada 6 meses, lo que puede ser un problema si el coche es un paciente constante en los talleres. Con una depreciaci\u00f3n de -12.26%, el Suzuki S-Cross es uno de los coches m\u00e1s depreciados del mercado.&nbsp;<\/p>\n<\/div><!--image--><div class=\"px-5 sm:px-0 sm:w-[800px] sm:ml-[50%] sm:-translate-x-2\/4 rounded-lg overflow-hidden mb-5 text-center\">\n<div class=\"wp-block-image\"><figure class=\"aligncenter size-large\"><img decoding=\"async\" loading=\"lazy\" src=\"https:\/\/ucarecdn.com\/a2295d4a-ff02-436c-a281-51bd50d9d450\/\" alt=\"carros mais desvalorizados\" class=\"w-full object-cover object-center border mx-auto wp-image-5227\"\/><figcaption class=\"mt-5 text-xs text-center border-b pb-4\" >Suzuki S-Cross \u2013 Sr. Autos<\/figcaption><\/figure><\/div>\n<\/div><!--image--><!--advertisement--><div class=\"mx-5 sm:mx-0 sm:text-3xl text-2xl font-medium title-font mb-4 text-gray-900 text-left\">\n<h2 class=\"wp-block-heading\">16 \u2013 Chevrolet TrailBlazer<\/h2>\n<\/div><div class=\"mx-5 sm:mx-0 prose leading-relaxed text-lg mb-5 text-left wp-paragraph\">\n<p>El Chevrolet Trailblazer es el primero de los dos \u00fanicos autos de General Motors en nuestra lista. Este auto tiene un consumo de combustible muy alto y varios informes indican que tiene un acabado deficiente, un balanceo de carrocer\u00eda terrible y un maletero extremadamente peque\u00f1o con una tapa pesada y no el\u00e9ctrica. Con una depreciaci\u00f3n de -12.10%, el General Motors Trailblazer es uno de los autos que m\u00e1s perdi\u00f3 valor el a\u00f1o pasado.<\/p>\n<\/div><!--image--><div class=\"px-5 sm:px-0 sm:w-[800px] sm:ml-[50%] sm:-translate-x-2\/4 rounded-lg overflow-hidden mb-5 text-center\">\n<div class=\"wp-block-image\"><figure class=\"aligncenter size-large\"><img decoding=\"async\" loading=\"lazy\" src=\"https:\/\/ucarecdn.com\/92c18c93-8fc8-447e-a44a-613499ccaad1\/\" alt=\"carros mais desvalorizados\" class=\"w-full object-cover object-center border mx-auto wp-image-5233\"\/><figcaption class=\"mt-5 text-xs text-center border-b pb-4\" >Chevrolet Trailblazer \u2013 Sr. Autos<\/figcaption><\/figure><\/div>\n<\/div><!--image--><!--advertisement--><div class=\"mx-5 sm:mx-0 sm:text-3xl text-2xl font-medium title-font mb-4 text-gray-900 text-left\">\n<h2 class=\"wp-block-heading\">15 \u2013 Ford Ranger<\/h2>\n<\/div><div class=\"mx-5 sm:mx-0 prose leading-relaxed text-lg mb-5 text-left wp-paragraph\">\n<p>Fabricada por Ford, la Ranger es un veh\u00edculo robusto y reconocido en el mercado. Se ha convertido en uno de los veh\u00edculos m\u00e1s depreciados debido a diversos factores, como la mala asistencia t\u00e9cnica, el alto consumo, problemas con el sistema de refrigeraci\u00f3n, defectos el\u00e9ctricos y ruidos internos. La Ford Ranger fue uno de los veh\u00edculos que m\u00e1s se depreci\u00f3 en 2019, con una depreciaci\u00f3n de -14.70%.&nbsp;<\/p>\n<\/div><!--image--><div class=\"px-5 sm:px-0 sm:w-[800px] sm:ml-[50%] sm:-translate-x-2\/4 rounded-lg overflow-hidden mb-5 text-center\">\n<div class=\"wp-block-image\"><figure class=\"aligncenter size-large\"><img decoding=\"async\" loading=\"lazy\" src=\"https:\/\/ucarecdn.com\/9fe91573-3c92-4983-bea8-f4d1e2844e4a\/\" alt=\"carros mais desvalorizados\" class=\"w-full object-cover object-center border mx-auto wp-image-5222\"\/><figcaption class=\"mt-5 text-xs text-center border-b pb-4\" >Ford Ranger \u2013 Se\u00f1or Autos<\/figcaption><\/figure><\/div>\n<\/div><!--image--><!--advertisement--><div class=\"mx-5 sm:mx-0 sm:text-3xl text-2xl font-medium title-font mb-4 text-gray-900 text-left\">\n<h2 class=\"wp-block-heading\">14 \u2013 Fiat Strada<\/h2>\n<\/div><div class=\"mx-5 sm:mx-0 prose leading-relaxed text-lg mb-5 text-left wp-paragraph\">\n<p>Fabricada por Fiat, la Strada es uno de los veh\u00edculos insignia de la marca, siendo la mini camioneta m\u00e1s vendida del fabricante en el pa\u00eds. La Strada se ha convertido en uno de los autos que m\u00e1s ha perdido valor debido a su alta tasa de robo, alto consumo, acabados deficientes, problemas con las piezas, ruido excesivo, asientos inc\u00f3modos, filtraciones de agua en la cabina, entre otros factores negativos que se pueden encontrar en el informe de cualquier propietario del veh\u00edculo. La depreciaci\u00f3n del modelo en 2019 fue de -17.83%.<\/p>\n<\/div><!--image--><div class=\"px-5 sm:px-0 sm:w-[800px] sm:ml-[50%] sm:-translate-x-2\/4 rounded-lg overflow-hidden mb-5 text-center\">\n<div class=\"wp-block-image\"><figure class=\"aligncenter size-large\"><img decoding=\"async\" loading=\"lazy\" src=\"https:\/\/ucarecdn.com\/8cead69d-fabc-4ee7-a8d8-367b3b27643d\/\" alt=\"carros que mais perderam valor\" class=\"w-full object-cover object-center border mx-auto wp-image-5209\"\/><figcaption class=\"mt-5 text-xs text-center border-b pb-4\" >Fiat Strada \u2013 Se\u00f1or Autos<\/figcaption><\/figure><\/div>\n<\/div><!--image--><!--advertisement--><div class=\"mx-5 sm:mx-0 sm:text-3xl text-2xl font-medium title-font mb-4 text-gray-900 text-left\">\n<h2 class=\"wp-block-heading\">13 \u2013 Peugeot 2008<\/h2>\n<\/div><div class=\"mx-5 sm:mx-0 prose leading-relaxed text-lg mb-5 text-left wp-paragraph\">\n<p>Fabricado por el fabricante franc\u00e9s Peugeot, el modelo 2008 no es un coche muy popular en Brasil, especialmente debido a la fuerte influencia de sus competidores actuales. Se ha convertido en uno de los coches m\u00e1s depreciados debido a factores negativos como el alto consumo y los altos costos de mantenimiento, el hecho de que solo tiene 4 marchas, un maletero peque\u00f1o y unas ventas rid\u00edculamente bajas. En consecuencia, el Peugeot 2008 ser\u00eda uno de los coches con mayor depreciaci\u00f3n del a\u00f1o, y en 2019 registr\u00f3 una depreciaci\u00f3n de -18.74%.<\/p>\n<\/div><!--image--><div class=\"px-5 sm:px-0 sm:w-[800px] sm:ml-[50%] sm:-translate-x-2\/4 rounded-lg overflow-hidden mb-5 text-center\">\n<div class=\"wp-block-image\"><figure class=\"aligncenter size-large\"><img decoding=\"async\" loading=\"lazy\" src=\"https:\/\/ucarecdn.com\/12d3b20a-dd9a-451a-b2f3-e3cc60407f9c\/\" alt=\"carros mais desvalorizados\" class=\"w-full object-cover object-center border mx-auto wp-image-5242\"\/><figcaption class=\"mt-5 text-xs text-center border-b pb-4\" >Peugeot 2008 \u2013 Se\u00f1or Coches<\/figcaption><\/figure><\/div>\n<\/div><!--image--><!--advertisement--><div class=\"mx-5 sm:mx-0 sm:text-3xl text-2xl font-medium title-font mb-4 text-gray-900 text-left\">\n<h2 class=\"wp-block-heading\">12 \u2013 Fiat Gran Sienna<\/h2>\n<\/div><div class=\"mx-5 sm:mx-0 prose leading-relaxed text-lg mb-5 text-left wp-paragraph\">\n<p>Fabricado por Fiat, el Grand Siena es el sucesor del conocido Siena, famoso por su amplio maletero y por ser uno de los coches m\u00e1s populares del pa\u00eds. En 2019, el Grand Siena fue uno de los coches que m\u00e1s se devalu\u00f3 debido a factores negativos como un seguro caro, problemas de suspensi\u00f3n, bajo rendimiento, alta tasa de robos, baja calidad de la tapicer\u00eda de los asientos y falta de deportividad. La depreciaci\u00f3n del Fiat Grand Siena en 2019 fue de -12.35%.<\/p>\n<\/div><!--image--><div class=\"px-5 sm:px-0 sm:w-[800px] sm:ml-[50%] sm:-translate-x-2\/4 rounded-lg overflow-hidden mb-5 text-center\">\n<div class=\"wp-block-image\"><figure class=\"aligncenter size-large\"><img decoding=\"async\" loading=\"lazy\" src=\"https:\/\/ucarecdn.com\/0184296d-9b08-4b5b-a35a-f7e5ff172d30\/\" alt=\"carros mais desvalorizados\" class=\"w-full object-cover object-center border mx-auto wp-image-5208\"\/><figcaption class=\"mt-5 text-xs text-center border-b pb-4\" >Fiat Grand Siena \u2013 Mr Cars<\/figcaption><\/figure><\/div>\n<\/div><!--image--><!--advertisement--><div class=\"mx-5 sm:mx-0 sm:text-3xl text-2xl font-medium title-font mb-4 text-gray-900 text-left\">\n<h2 class=\"wp-block-heading\">11 \u2013 Renault Sandero<\/h2>\n<\/div><div class=\"mx-5 sm:mx-0 prose leading-relaxed text-lg mb-5 text-left wp-paragraph\">\n<p>El Sandero es uno de los principales coches de Renault y uno de los m\u00e1s vendidos de la marca en el pa\u00eds. Sin embargo, estos resultados no fueron suficientes para evitar que se convirtiera en uno de los coches m\u00e1s depreciados del mercado, si no en uno de los tres m\u00e1s depreciados. Las principales razones de su bajo rendimiento en 2019 fueron problemas como un motor d\u00e9bil, una suspensi\u00f3n que perjudicaba la comodidad, la falta de medidas de seguridad y el poco espacio en el asiento trasero. El Renault Sandero tuvo una depreciaci\u00f3n de -21.69%.<\/p>\n<\/div><!--image--><div class=\"px-5 sm:px-0 sm:w-[800px] sm:ml-[50%] sm:-translate-x-2\/4 rounded-lg overflow-hidden mb-5 text-center\">\n<div class=\"wp-block-image\"><figure class=\"aligncenter size-large\"><img decoding=\"async\" loading=\"lazy\" src=\"https:\/\/ucarecdn.com\/eb73cfa9-773f-41ba-859a-eb4ca26cbcc5\/\" alt=\"carros que mais perderam valor\" class=\"w-full object-cover object-center border mx-auto wp-image-5244\"\/><figcaption class=\"mt-5 text-xs text-center border-b pb-4\" >Renault Sandero \u2013 Mr Cars<\/figcaption><\/figure><\/div>\n<\/div><!--image--><!--advertisement--><div class=\"mx-5 sm:mx-0 sm:text-3xl text-2xl font-medium title-font mb-4 text-gray-900 text-left\">\n<h2 class=\"wp-block-heading\">10 \u2013 Ford Ka Sed\u00e1n<\/h2>\n<\/div><div class=\"mx-5 sm:mx-0 prose leading-relaxed text-lg mb-5 text-left wp-paragraph\">\n<p>El Ford Ka es uno de los autos m\u00e1s vendidos en Brasil y recientemente se lanz\u00f3 una nueva versi\u00f3n: el Ford Ka Sed\u00e1n. El auto es excelente y tambi\u00e9n fue uno de los mejores de Ford en 2019, con buenos resultados en el mercado. Sin embargo, informes serios indican que el modelo tiene un alto consumo, un acabado mediocre, ruidos internos y problemas de insonorizaci\u00f3n. A pesar de sus excelentes resultados, el Ford Ka Sed\u00e1n tuvo una depreciaci\u00f3n de -15.91% en el mercado en 2019.<\/p>\n<\/div><!--image--><div class=\"px-5 sm:px-0 sm:w-[800px] sm:ml-[50%] sm:-translate-x-2\/4 rounded-lg overflow-hidden mb-5 text-center\">\n<div class=\"wp-block-image\"><figure class=\"aligncenter size-large\"><img decoding=\"async\" loading=\"lazy\" src=\"https:\/\/ucarecdn.com\/931d608a-8923-45e8-93d4-0a7df41b5187\/\" alt=\"carros que mais perderam valor\" class=\"w-full object-cover object-center border mx-auto wp-image-5220\"\/><figcaption class=\"mt-5 text-xs text-center border-b pb-4\" >Ford Ka Sed\u00e1n \u2013 Sr. Autos<\/figcaption><\/figure><\/div>\n<\/div><!--image--><!--advertisement--><div class=\"mx-5 sm:mx-0 sm:text-3xl text-2xl font-medium title-font mb-4 text-gray-900 text-left\">\n<h2 class=\"wp-block-heading\">9 \u2013 Fiat Doblo<\/h2>\n<\/div><div class=\"mx-5 sm:mx-0 prose leading-relaxed text-lg mb-5 text-left wp-paragraph\">\n<p>Cuesta creer que el Fiat Dobl\u00f2 siga fabric\u00e1ndose. Es uno de los veh\u00edculos m\u00e1s anticuados del pa\u00eds y tiene m\u00e1s desaprobaci\u00f3n social que el presidente de la rep\u00fablica. Con un rendimiento deficiente, una insonorizaci\u00f3n deficiente, un aire acondicionado insuficiente, ruido interno y un alto consumo, el Fiat Dobl\u00f2 es uno de los coches m\u00e1s infravalorados del mercado, con una depreciaci\u00f3n de -21.23%.<\/p>\n<\/div><!--image--><div class=\"px-5 sm:px-0 sm:w-[800px] sm:ml-[50%] sm:-translate-x-2\/4 rounded-lg overflow-hidden mb-5 text-center\">\n<div class=\"wp-block-image\"><figure class=\"aligncenter size-large\"><img decoding=\"async\" loading=\"lazy\" src=\"https:\/\/ucarecdn.com\/86a544f5-27b1-4151-aa3e-6e5ecdee4ec8\/\" alt=\"\" class=\"w-full object-cover object-center border mx-auto wp-image-5212\"\/><figcaption class=\"mt-5 text-xs text-center border-b pb-4\" >Fiat Dobl\u00f2 \u2013 Se\u00f1or Autos<\/figcaption><\/figure><\/div>\n<\/div><!--image--><!--advertisement--><div class=\"mx-5 sm:mx-0 sm:text-3xl text-2xl font-medium title-font mb-4 text-gray-900 text-left\">\n<h2 class=\"wp-block-heading\">8 \u2013 Renault Duster Oroch<\/h2>\n<\/div><div class=\"mx-5 sm:mx-0 prose leading-relaxed text-lg mb-5 text-left wp-paragraph\">\n<p>El Duster es uno de los coches m\u00e1s vendidos de Renault en nuestro pa\u00eds, quiz\u00e1s el m\u00e1s vendido de la marca. Con una peculiar versi\u00f3n reciente, llamada Duster Oroch, el Renault Duster perdi\u00f3 credibilidad y se convirti\u00f3 en uno de los coches que m\u00e1s se devalu\u00f3 en 2019. Debido a problemas con el combustible, el aire acondicionado, el bajo consumo, la baja seguridad y un nivel de aceite de motor muy bajo, el Duster Oroch se devalu\u00f3 considerablemente, con una depreciaci\u00f3n de -14.73% en el mercado.<\/p>\n<\/div><!--image--><div class=\"px-5 sm:px-0 sm:w-[800px] sm:ml-[50%] sm:-translate-x-2\/4 rounded-lg overflow-hidden mb-5 text-center\">\n<div class=\"wp-block-image\"><figure class=\"aligncenter size-large\"><img decoding=\"async\" loading=\"lazy\" src=\"https:\/\/ucarecdn.com\/3a7ba48c-2b72-47ba-8fd7-110bb75a0da8\/\" alt=\"carros que mais perderam valor\" class=\"w-full object-cover object-center border mx-auto wp-image-5247\"\/><figcaption class=\"mt-5 text-xs text-center border-b pb-4\" >Renault Duster \u2013 Se\u00f1or Coches<\/figcaption><\/figure><\/div>\n<\/div><!--image--><!--advertisement--><div class=\"mx-5 sm:mx-0 sm:text-3xl text-2xl font-medium title-font mb-4 text-gray-900 text-left\">\n<h2 class=\"wp-block-heading\">7 \u2013 Nissan Sentra<\/h2>\n<\/div><div class=\"mx-5 sm:mx-0 prose leading-relaxed text-lg mb-5 text-left wp-paragraph\">\n<p>El Sentra es un hermoso sed\u00e1n Nissan, muy aclamado por los consumidores, pero con suficientes problemas como para ser uno de los autos m\u00e1s depreciados en Brasil. Con un alto consumo, un p\u00e9simo valor de reventa, repuestos costosos, una alta tasa de robo y la falta de iluminaci\u00f3n en los controles de las ventanas de las puertas, el Nissan Sentra fue uno de los autos que m\u00e1s perdi\u00f3 valor en 2019, con una depreciaci\u00f3n de -12.04%.<\/p>\n<\/div><!--image--><div class=\"px-5 sm:px-0 sm:w-[800px] sm:ml-[50%] sm:-translate-x-2\/4 rounded-lg overflow-hidden mb-5 text-center\">\n<div class=\"wp-block-image\"><figure class=\"aligncenter size-large\"><img decoding=\"async\" loading=\"lazy\" src=\"https:\/\/ucarecdn.com\/ba9c353d-88a9-4bac-8567-a3d497c66c00\/\" alt=\"\" class=\"w-full object-cover object-center border mx-auto wp-image-5248\"\/><figcaption class=\"mt-5 text-xs text-center border-b pb-4\" >Nissan Sentra \u2013 Sr. Autos<\/figcaption><\/figure><\/div>\n<\/div><!--image--><!--advertisement--><div class=\"mx-5 sm:mx-0 sm:text-3xl text-2xl font-medium title-font mb-4 text-gray-900 text-left\">\n<h2 class=\"wp-block-heading\">6 \u2013 Chevrolet Cobalt<\/h2>\n<\/div><div class=\"mx-5 sm:mx-0 prose leading-relaxed text-lg mb-5 text-left wp-paragraph\">\n<p>Como se mencion\u00f3 anteriormente, solo hay dos autos GM en esta lista para la Chevrolet Trailblazer, y el segundo y \u00faltimo es el Cobalt, que ha estado buscando su lugar en el mercado desde su lanzamiento y ha estado en la b\u00e1scula sin muchos resultados desorbitados. El auto se ha convertido en uno de los veh\u00edculos m\u00e1s infravalorados del pa\u00eds debido a su baja capacidad de carga, acabado mediocre, problemas de direcci\u00f3n y visibilidad trasera. El Chevrolet Cobalt tuvo una depreciaci\u00f3n de -18.61% en el mercado en 2019.<\/p>\n<\/div><!--image--><div class=\"px-5 sm:px-0 sm:w-[800px] sm:ml-[50%] sm:-translate-x-2\/4 rounded-lg overflow-hidden mb-5 text-center\">\n<div class=\"wp-block-image\"><figure class=\"aligncenter size-large\"><img decoding=\"async\" loading=\"lazy\" src=\"https:\/\/ucarecdn.com\/1b851cab-2060-449a-b729-0a1872e402e7\/\" alt=\"\" class=\"w-full object-cover object-center border mx-auto wp-image-5232\"\/><figcaption class=\"mt-5 text-xs text-center border-b pb-4\" >Chevrolet Cobalt \u2013 Sr. Autos<\/figcaption><\/figure><\/div>\n<\/div><!--image--><!--advertisement--><div class=\"mx-5 sm:mx-0 sm:text-3xl text-2xl font-medium title-font mb-4 text-gray-900 text-left\">\n<h2 class=\"wp-block-heading\">5 \u2013 Ford Focus Fastback&nbsp;<\/h2>\n<\/div><div class=\"mx-5 sm:mx-0 prose leading-relaxed text-lg mb-5 text-left wp-paragraph\">\n<p>El Fastback es uno de los derivados del famoso modelo Focus, que no tuvo la acogida esperada. Fabricado por Ford, el Focus Fastback es uno de los coches m\u00e1s devaluados, ya que tiene piezas caras, ruidos anormales al conducir, solo tiene 4 marchas y la caja de cambios Powershift presenta varias fallas. En 2019, tuvo un porcentaje de depreciaci\u00f3n de -25.99%.<\/p>\n<\/div><!--image--><div class=\"px-5 sm:px-0 sm:w-[800px] sm:ml-[50%] sm:-translate-x-2\/4 rounded-lg overflow-hidden mb-5 text-center\">\n<div class=\"wp-block-image\"><figure class=\"aligncenter size-large\"><img decoding=\"async\" loading=\"lazy\" src=\"https:\/\/ucarecdn.com\/f75b9fff-be19-4232-99a0-78c6649030e5\/\" alt=\"carros mais desvalorizados\" class=\"w-full object-cover object-center border mx-auto wp-image-5202\"\/><figcaption class=\"mt-5 text-xs text-center border-b pb-4\" >Ford Focus Fastback \u2013 Sr. Autos<\/figcaption><\/figure><\/div>\n<\/div><!--image--><!--advertisement--><div class=\"mx-5 sm:mx-0 sm:text-3xl text-2xl font-medium title-font mb-4 text-gray-900 text-left\">\n<h2 class=\"wp-block-heading\">4 \u2013 Citro\u00ebn AirCross<\/h2>\n<\/div><div class=\"mx-5 sm:mx-0 prose leading-relaxed text-lg mb-5 text-left wp-paragraph\">\n<p>El AirCross es un coche moderno e incluso hermoso, por decirlo de alguna manera. Fabricado por el fabricante franc\u00e9s Citro\u00ebn, este modelo se encuentra en nuestra lista de veh\u00edculos que m\u00e1s perdieron valor el a\u00f1o pasado. Presenta una suspensi\u00f3n deficiente, un consumo elevado, sacudidas excesivas en las marcas, defectos el\u00e9ctricos y un servicio posventa p\u00e9simo. La propuesta es incluso buena, pero para el mercado brasile\u00f1o dej\u00f3 mucho que desear: su depreciaci\u00f3n en 2019 fue de -14.48%.<\/p>\n<\/div><!--image--><div class=\"px-5 sm:px-0 sm:w-[800px] sm:ml-[50%] sm:-translate-x-2\/4 rounded-lg overflow-hidden mb-5 text-center\">\n<div class=\"wp-block-image\"><figure class=\"aligncenter size-large\"><img decoding=\"async\" loading=\"lazy\" src=\"https:\/\/ucarecdn.com\/18e346a7-d824-4b9b-92a1-e9f8d62f18f7\/\" alt=\"\" class=\"w-full object-cover object-center border mx-auto wp-image-5253\"\/><figcaption class=\"mt-5 text-xs text-center border-b pb-4\" >Citro\u00ebn C-5 Aircross \u2013 Mr. Cars<\/figcaption><\/figure><\/div>\n<\/div><!--image--><!--advertisement--><div class=\"mx-5 sm:mx-0 sm:text-3xl text-2xl font-medium title-font mb-4 text-gray-900 text-left\">\n<h2 class=\"wp-block-heading\">3 \u2013 Fin de semana Fiat<\/h2>\n<\/div><div class=\"mx-5 sm:mx-0 prose leading-relaxed text-lg mb-5 text-left wp-paragraph\">\n<p>Un veh\u00edculo reconocido en el mercado brasile\u00f1o, pero los consumidores siempre est\u00e1n atentos a las actualizaciones. Es un auto hist\u00f3rico y antiguo, por lo que siempre es recomendable estar atento al Weekend, el sucesor del Palio, fabricado por Fiat. Ya ha hecho historia en nuestro mercado, pero en 2019 se convirti\u00f3 en uno de los autos m\u00e1s devaluados, con alto consumo, seguro caro, acabados deficientes, alta tasa de robo y poco espacio trasero. Es un buen auto para el mercado de autos usados, pero en general, tuvo una depreciaci\u00f3n de -15.47% el a\u00f1o pasado.<\/p>\n<\/div><!--image--><div class=\"px-5 sm:px-0 sm:w-[800px] sm:ml-[50%] sm:-translate-x-2\/4 rounded-lg overflow-hidden mb-5 text-center\">\n<div class=\"wp-block-image\"><figure class=\"aligncenter size-large\"><img decoding=\"async\" loading=\"lazy\" src=\"https:\/\/ucarecdn.com\/28071ab8-41cb-4dab-9bbd-da5533deddfd\/\" alt=\"\" class=\"w-full object-cover object-center border mx-auto wp-image-5211\"\/><figcaption class=\"mt-5 text-xs text-center border-b pb-4\" >Fin de semana Fiat Palio \u2013 Mr. Cars<\/figcaption><\/figure><\/div>\n<\/div><!--image--><!--advertisement--><div class=\"mx-5 sm:mx-0 sm:text-3xl text-2xl font-medium title-font mb-4 text-gray-900 text-left\">\n<h2 class=\"wp-block-heading\">2 \u2013 Ford Focus<\/h2>\n<\/div><div class=\"mx-5 sm:mx-0 prose leading-relaxed text-lg mb-5 text-left wp-paragraph\">\n<p>El Focus, uno de los autos de Ford mejor valorados en el mercado brasile\u00f1o, cuenta con un impresionante historial de ventas. Sin embargo, perdi\u00f3 valor en 2019, y podemos destacar algunos factores de esta ca\u00edda en la aprobaci\u00f3n social, como, por ejemplo, el acabado deficiente de las puertas, las piezas costosas, la direcci\u00f3n pesada, la poca distancia al suelo y el maletero peque\u00f1o. Si bien es un auto bien valorado, fue uno de los m\u00e1s devaluados el a\u00f1o pasado, con una depreciaci\u00f3n de -16.18%.&nbsp;<\/p>\n<\/div><!--image--><div class=\"px-5 sm:px-0 sm:w-[800px] sm:ml-[50%] sm:-translate-x-2\/4 rounded-lg overflow-hidden mb-5 text-center\">\n<div class=\"wp-block-image\"><figure class=\"aligncenter size-large\"><img decoding=\"async\" loading=\"lazy\" src=\"https:\/\/ucarecdn.com\/a7e9cb4e-2f8e-4174-a747-6c097b9e481b\/\" alt=\"\" class=\"w-full object-cover object-center border mx-auto wp-image-5221\"\/><figcaption class=\"mt-5 text-xs text-center border-b pb-4\" >Ford Focus \u2013 Se\u00f1or Autos<\/figcaption><\/figure><\/div>\n<\/div><!--image--><!--advertisement--><div class=\"mx-5 sm:mx-0 sm:text-3xl text-2xl font-medium title-font mb-4 text-gray-900 text-left\">\n<h2 class=\"wp-block-heading\">1 \u2013 Fiat Toro<\/h2>\n<\/div><div class=\"mx-5 sm:mx-0 prose leading-relaxed text-lg mb-5 text-left wp-paragraph\">\n<p>El Toro, un veh\u00edculo que lleg\u00f3 sorprendiendo al mercado y a los consumidores, generando una controversia entre los amantes de los autos sobre sus cualidades y defectos, a pesar de haber pasado por esto, r\u00e1pidamente conquist\u00f3 su espacio y se convirti\u00f3 en uno de los autos m\u00e1s vendidos del pa\u00eds. Podemos suponer que la raz\u00f3n por la que fue uno de los autos que m\u00e1s perdi\u00f3 valor el a\u00f1o pasado fue: precio muy alto, problemas el\u00e9ctricos, aire acondicionado insuficiente, alto consumo, problemas de inyecci\u00f3n, acabado deficiente, entre otros problemas se\u00f1alados por los propietarios de veh\u00edculos. Pero como decimos, hay a quienes les gusta y a quienes no. Sin embargo, nos guste o no, fue uno de los que m\u00e1s perdi\u00f3 valor, con una depreciaci\u00f3n de -18.06% en 2019.<\/p>\n<\/div><!--image--><div class=\"px-5 sm:px-0 sm:w-[800px] sm:ml-[50%] sm:-translate-x-2\/4 rounded-lg overflow-hidden mb-5 text-center\">\n<div class=\"wp-block-image\"><figure class=\"aligncenter size-large\"><img decoding=\"async\" loading=\"lazy\" src=\"https:\/\/ucarecdn.com\/bbef355f-8a40-4c26-af68-27795aac4c26\/\" alt=\"carros mais desvalorizados\" class=\"w-full object-cover object-center border mx-auto wp-image-5215\"\/><figcaption class=\"mt-5 text-xs text-center border-b pb-4\" >Fiat Toro \u2013 Se\u00f1or Autos<\/figcaption><\/figure><\/div>\n<\/div><!--image--><div class=\"mx-5 sm:mx-0 prose text-left mb-5\">\n<div class=\"wp-block-buttons is-content-justification-center is-layout-flex wp-block-buttons-is-layout-flex\"><div class=\"mx-5 sm:mx-0 prose text-left mb-5\">\n<div class=\"wp-block-button\"><a class=\"wp-block-button__link\" href=\"https:\/\/senhorcarros.com\/es\/10-carros-mais-baratos-do-brasil-2020\/\"><strong>\u00a1Descubre los coches nuevos m\u00e1s baratos en Brasil en 2020!<\/strong><\/a><\/div>\n<\/div><\/div>\n<\/div>","protected":false},"excerpt":{"rendered":"<p>En 2019, tuvimos muchos autos nuevos en el mercado y, como resultado, varios que ya estaban en el mercado perdieron su valor y se convirtieron en los autos m\u00e1s devaluados de 2019. \u00a1Consulta el art\u00edculo completo sobre los autos que m\u00e1s perdieron valor el a\u00f1o pasado! 19 \u2013 Ford Ecosport. El Ecosport es conocido en el mercado nacional\u2026 <a class=\"more-link\" href=\"https:\/\/senhorcarros.com\/es\/os-carros-que-mais-perderam-valor-em-2019-confira\/\">Sigue leyendo <span class=\"screen-reader-text\">Los autos que m\u00e1s perdieron valor en 2019. \u00a1Cons\u00faltalos!<\/span><\/a><\/p>","protected":false},"author":0,"featured_media":5233,"comment_status":"closed","ping_status":"open","sticky":false,"template":"","format":"standard","meta":{"footnotes":""},"categories":[3,14],"tags":[],"yoast_head":"<!-- This site is optimized with the Yoast SEO plugin v23.3 - https:\/\/yoast.com\/wordpress\/plugins\/seo\/ -->\n<title>Os carros que mais perderam valor em 2019. Confira! - Senhor Carros<\/title>\n<meta name=\"description\" content=\"Em 2019 tivemos muitos carros novos no mercado. V\u00e1rios que j\u00e1 estavam no mercado perderam seu devido valor se tornando os carros mais desvalorizados de 2019\" \/>\n<meta name=\"robots\" content=\"index, follow, max-snippet:-1, max-image-preview:large, max-video-preview:-1\" \/>\n<link rel=\"canonical\" href=\"https:\/\/senhorcarros.com\/es\/os-carros-que-mais-perderam-valor-em-2019-confira\/\" \/>\n<meta property=\"og:locale\" content=\"es_ES\" \/>\n<meta property=\"og:type\" content=\"article\" \/>\n<meta property=\"og:title\" content=\"Os carros que mais perderam valor em 2019. Confira! - Senhor Carros\" \/>\n<meta property=\"og:description\" content=\"Em 2019 tivemos muitos carros novos no mercado. V\u00e1rios que j\u00e1 estavam no mercado perderam seu devido valor se tornando os carros mais desvalorizados de 2019\" \/>\n<meta property=\"og:url\" content=\"https:\/\/senhorcarros.com\/es\/os-carros-que-mais-perderam-valor-em-2019-confira\/\" \/>\n<meta property=\"og:site_name\" content=\"Senhor Carros\" \/>\n<meta property=\"article:published_time\" content=\"2020-04-30T01:55:09+00:00\" \/>\n<meta name=\"twitter:card\" content=\"summary_large_image\" \/>\n<meta name=\"twitter:label1\" content=\"Est. reading time\" \/>\n\t<meta name=\"twitter:data1\" content=\"9 minutos\" \/>\n<script type=\"application\/ld+json\" class=\"yoast-schema-graph\">{\"@context\":\"https:\/\/schema.org\",\"@graph\":[{\"@type\":\"WebPage\",\"@id\":\"https:\/\/senhorcarros.com\/os-carros-que-mais-perderam-valor-em-2019-confira\/\",\"url\":\"https:\/\/senhorcarros.com\/os-carros-que-mais-perderam-valor-em-2019-confira\/\",\"name\":\"Os carros que mais perderam valor em 2019. Confira! - Senhor Carros\",\"isPartOf\":{\"@id\":\"https:\/\/senhorcarros.com\/#website\"},\"primaryImageOfPage\":{\"@id\":\"https:\/\/senhorcarros.com\/os-carros-que-mais-perderam-valor-em-2019-confira\/#primaryimage\"},\"image\":{\"@id\":\"https:\/\/senhorcarros.com\/os-carros-que-mais-perderam-valor-em-2019-confira\/#primaryimage\"},\"thumbnailUrl\":\"\",\"datePublished\":\"2020-04-30T01:55:09+00:00\",\"dateModified\":\"2020-04-30T01:55:09+00:00\",\"author\":{\"@id\":\"\"},\"description\":\"Em 2019 tivemos muitos carros novos no mercado. V\u00e1rios que j\u00e1 estavam no mercado perderam seu devido valor se tornando os carros mais desvalorizados de 2019\",\"breadcrumb\":{\"@id\":\"https:\/\/senhorcarros.com\/os-carros-que-mais-perderam-valor-em-2019-confira\/#breadcrumb\"},\"inLanguage\":\"es\",\"potentialAction\":[{\"@type\":\"ReadAction\",\"target\":[\"https:\/\/senhorcarros.com\/os-carros-que-mais-perderam-valor-em-2019-confira\/\"]}]},{\"@type\":\"ImageObject\",\"inLanguage\":\"es\",\"@id\":\"https:\/\/senhorcarros.com\/os-carros-que-mais-perderam-valor-em-2019-confira\/#primaryimage\",\"url\":\"\",\"contentUrl\":\"\"},{\"@type\":\"BreadcrumbList\",\"@id\":\"https:\/\/senhorcarros.com\/os-carros-que-mais-perderam-valor-em-2019-confira\/#breadcrumb\",\"itemListElement\":[{\"@type\":\"ListItem\",\"position\":1,\"name\":\"Home\",\"item\":\"https:\/\/senhorcarros.com\/\"},{\"@type\":\"ListItem\",\"position\":2,\"name\":\"Os carros que mais perderam valor em 2019. Confira!\"}]},{\"@type\":\"WebSite\",\"@id\":\"https:\/\/senhorcarros.com\/#website\",\"url\":\"https:\/\/senhorcarros.com\/\",\"name\":\"Senhor Carros\",\"description\":\"\",\"potentialAction\":[{\"@type\":\"SearchAction\",\"target\":{\"@type\":\"EntryPoint\",\"urlTemplate\":\"https:\/\/senhorcarros.com\/?s={search_term_string}\"},\"query-input\":\"required name=search_term_string\"}],\"inLanguage\":\"es\"}]}<\/script>\n<!-- \/ Yoast SEO plugin. -->","yoast_head_json":{"title":"Os carros que mais perderam valor em 2019. Confira! - Senhor Carros","description":"Em 2019 tivemos muitos carros novos no mercado. V\u00e1rios que j\u00e1 estavam no mercado perderam seu devido valor se tornando os carros mais desvalorizados de 2019","robots":{"index":"index","follow":"follow","max-snippet":"max-snippet:-1","max-image-preview":"max-image-preview:large","max-video-preview":"max-video-preview:-1"},"canonical":"https:\/\/senhorcarros.com\/es\/os-carros-que-mais-perderam-valor-em-2019-confira\/","og_locale":"es_ES","og_type":"article","og_title":"Os carros que mais perderam valor em 2019. Confira! - Senhor Carros","og_description":"Em 2019 tivemos muitos carros novos no mercado. V\u00e1rios que j\u00e1 estavam no mercado perderam seu devido valor se tornando os carros mais desvalorizados de 2019","og_url":"https:\/\/senhorcarros.com\/es\/os-carros-que-mais-perderam-valor-em-2019-confira\/","og_site_name":"Senhor Carros","article_published_time":"2020-04-30T01:55:09+00:00","twitter_card":"summary_large_image","twitter_misc":{"Est. reading time":"9 minutos"},"schema":{"@context":"https:\/\/schema.org","@graph":[{"@type":"WebPage","@id":"https:\/\/senhorcarros.com\/os-carros-que-mais-perderam-valor-em-2019-confira\/","url":"https:\/\/senhorcarros.com\/os-carros-que-mais-perderam-valor-em-2019-confira\/","name":"Os carros que mais perderam valor em 2019. Confira! - Senhor Carros","isPartOf":{"@id":"https:\/\/senhorcarros.com\/#website"},"primaryImageOfPage":{"@id":"https:\/\/senhorcarros.com\/os-carros-que-mais-perderam-valor-em-2019-confira\/#primaryimage"},"image":{"@id":"https:\/\/senhorcarros.com\/os-carros-que-mais-perderam-valor-em-2019-confira\/#primaryimage"},"thumbnailUrl":"","datePublished":"2020-04-30T01:55:09+00:00","dateModified":"2020-04-30T01:55:09+00:00","author":{"@id":""},"description":"Em 2019 tivemos muitos carros novos no mercado. V\u00e1rios que j\u00e1 estavam no mercado perderam seu devido valor se tornando os carros mais desvalorizados de 2019","breadcrumb":{"@id":"https:\/\/senhorcarros.com\/os-carros-que-mais-perderam-valor-em-2019-confira\/#breadcrumb"},"inLanguage":"es","potentialAction":[{"@type":"ReadAction","target":["https:\/\/senhorcarros.com\/os-carros-que-mais-perderam-valor-em-2019-confira\/"]}]},{"@type":"ImageObject","inLanguage":"es","@id":"https:\/\/senhorcarros.com\/os-carros-que-mais-perderam-valor-em-2019-confira\/#primaryimage","url":"","contentUrl":""},{"@type":"BreadcrumbList","@id":"https:\/\/senhorcarros.com\/os-carros-que-mais-perderam-valor-em-2019-confira\/#breadcrumb","itemListElement":[{"@type":"ListItem","position":1,"name":"Home","item":"https:\/\/senhorcarros.com\/"},{"@type":"ListItem","position":2,"name":"Os carros que mais perderam valor em 2019. Confira!"}]},{"@type":"WebSite","@id":"https:\/\/senhorcarros.com\/#website","url":"https:\/\/senhorcarros.com\/","name":"Senhor Carros","description":"","potentialAction":[{"@type":"SearchAction","target":{"@type":"EntryPoint","urlTemplate":"https:\/\/senhorcarros.com\/?s={search_term_string}"},"query-input":"required name=search_term_string"}],"inLanguage":"es"}]}},"_links":{"self":[{"href":"https:\/\/senhorcarros.com\/es\/wp-json\/wp\/v2\/posts\/5217"}],"collection":[{"href":"https:\/\/senhorcarros.com\/es\/wp-json\/wp\/v2\/posts"}],"about":[{"href":"https:\/\/senhorcarros.com\/es\/wp-json\/wp\/v2\/types\/post"}],"replies":[{"embeddable":true,"href":"https:\/\/senhorcarros.com\/es\/wp-json\/wp\/v2\/comments?post=5217"}],"version-history":[{"count":0,"href":"https:\/\/senhorcarros.com\/es\/wp-json\/wp\/v2\/posts\/5217\/revisions"}],"wp:featuredmedia":[{"embeddable":true,"href":"https:\/\/senhorcarros.com\/es\/wp-json\/"}],"wp:attachment":[{"href":"https:\/\/senhorcarros.com\/es\/wp-json\/wp\/v2\/media?parent=5217"}],"wp:term":[{"taxonomy":"category","embeddable":true,"href":"https:\/\/senhorcarros.com\/es\/wp-json\/wp\/v2\/categories?post=5217"},{"taxonomy":"post_tag","embeddable":true,"href":"https:\/\/senhorcarros.com\/es\/wp-json\/wp\/v2\/tags?post=5217"}],"curies":[{"name":"wp","href":"https:\/\/api.w.org\/{rel}","templated":true}]}}