{"id":11049,"date":"2021-10-04T12:00:00","date_gmt":"2021-10-04T12:00:00","guid":{"rendered":"https:\/\/senhorcarros.com\/?p=11049"},"modified":"2021-10-04T12:00:00","modified_gmt":"2021-10-04T12:00:00","slug":"carro-0km-custa-mais-em-sao-paulo","status":"publish","type":"post","link":"https:\/\/senhorcarros.com\/es\/carro-0km-custa-mais-em-sao-paulo\/","title":{"rendered":"\u00bfPor qu\u00e9 los coches nuevos cuestan m\u00e1s en S\u00e3o Paulo?"},"content":{"rendered":"<!--advertisement--><div class=\"mx-5 sm:mx-0 sm:text-3xl text-2xl font-medium title-font mb-4 text-gray-900 text-left\">\n<h2 class=\"wp-block-heading\" id=\"0-descubra-por-que-comprar-carro-0km-custa-mais-em-s%C3%A3o-paulo-\">Descubra por qu\u00e9 comprar un auto nuevo cuesta m\u00e1s en S\u00e3o Paulo <\/h2>\n<\/div><!--image--><div class=\"px-5 sm:px-0 w-full sm:w-[800px] sm:ml-[50%] sm:-translate-x-2\/4 rounded-lg overflow-hidden mb-5 text-center\">\n<figure class=\"wp-block-uploadcare-image\"><img decoding=\"async\" loading=\"lazy\" alt=\"Descubra por que comprar carro 0km custa mais em S\u00e3o Paulo\"  id=\"11050\" src=\"https:\/\/ucarecdn.com\/f422c695-94ed-4d5d-84eb-acadbdf109c4\/\" class=\"w-full object-cover object-center border mx-auto uploadcare-image\"\/><figcaption class=\"mt-5 text-xs text-center border-b pb-4\" >Descubra por qu\u00e9 comprar un auto nuevo cuesta m\u00e1s en S\u00e3o Paulo<\/figcaption><\/figure>\n<\/div><!--image--><div class=\"mx-5 sm:mx-0 prose leading-relaxed text-lg mb-5 text-left wp-paragraph\">\n<p>Mucha gente ha notado que comprar un auto nuevo cuesta m\u00e1s en S\u00e3o Paulo.&nbsp;<\/p>\n<\/div><div class=\"mx-5 sm:mx-0 prose leading-relaxed text-lg mb-5 text-left wp-paragraph\">\n<p>Sin embargo, hay toda una historia detr\u00e1s de esta situaci\u00f3n.&nbsp;<\/p>\n<\/div><div class=\"mx-5 sm:mx-0 prose leading-relaxed text-lg mb-5 text-left wp-paragraph\">\n<p>Pero lamentablemente no s\u00f3lo en S\u00e3o Paulo los veh\u00edculos son caros.&nbsp;<\/p>\n<\/div><div class=\"mx-5 sm:mx-0 prose leading-relaxed text-lg mb-5 text-left wp-paragraph\">\n<p>Hoy en d\u00eda Brasil est\u00e1 entre los pa\u00edses que tienen los coches m\u00e1s caros del mundo.&nbsp;<\/p>\n<\/div><div class=\"mx-5 sm:mx-0 prose leading-relaxed text-lg mb-5 text-left wp-paragraph\">\n<p>Detr\u00e1s de estos altos valores est\u00e1n los impuestos, la burocracia y una serie de imposiciones.&nbsp;<\/p>\n<\/div><div class=\"mx-5 sm:mx-0 prose leading-relaxed text-lg mb-5 text-left wp-paragraph\">\n<p>Adem\u00e1s, los brasile\u00f1os vienen sufriendo enormemente por otros problemas.&nbsp;<\/p>\n<\/div><div class=\"mx-5 sm:mx-0 prose leading-relaxed text-lg mb-5 text-left wp-paragraph\">\n<p>La fluctuaci\u00f3n del d\u00f3lar, sumada a la falta de repuestos provocada por la pandemia, tambi\u00e9n ha estado afectando el precio de los veh\u00edculos.&nbsp;<\/p>\n<\/div><div class=\"mx-5 sm:mx-0 prose leading-relaxed text-lg mb-5 text-left wp-paragraph\">\n<p>Tanto es as\u00ed que, debido a la falta de coches nuevos disponibles en el mercado hoy en d\u00eda, los coches usados y seminuevos cuestan m\u00e1s que los nuevos.&nbsp;<\/p>\n<\/div><div class=\"mx-5 sm:mx-0 prose leading-relaxed text-lg mb-5 text-left wp-paragraph\">\n<p>Sin embargo, cuando sabes d\u00f3nde buscar, se pueden encontrar veh\u00edculos a precios m\u00e1s asequibles.&nbsp;<\/p>\n<\/div><div class=\"mx-5 sm:mx-0 prose leading-relaxed text-lg mb-5 text-left wp-paragraph\">\n<p>Los coches nuevos cuestan m\u00e1s en S\u00e3o Paulo, pero es algo que se puede solucionar de forma un tanto inteligente.&nbsp;<\/p>\n<\/div><div class=\"mx-5 sm:mx-0 prose leading-relaxed text-lg mb-5 text-left wp-paragraph\">\n<p>\u00a1Hoy descubrir\u00e1s las razones por las que los coches nuevos son m\u00e1s caros en S\u00e3o Paulo!&nbsp;<\/p>\n<\/div><div class=\"mx-5 sm:mx-0 prose leading-relaxed text-lg mb-5 text-left wp-paragraph\">\n<p>\u00bfVamos a averiguarlo de una vez por todas?<\/p>\n<\/div><div class=\"wp-block-lazyblock-cta lazyblock-cta-29mU0I\">\n  <section class=\"cta mx-5 sm:mx-0 text-gray-600 body-font my-10 border-gray-200 border-b border-l border-r sm:border-0\">\n    <div class=\"h-1 bg-gray-200 rounded overflow-hidden\">\n      <div class=\"w-24 h-full\"><\/div>\n    <\/div>\n    <div class=\"container px-5 pt-6 pb-6 mx-auto flex flex-wrap\" data-anchor-target=\"lazyBlock\">    \n    \n              <a class=\"flex flex-wrap content-center w-full mb-4 md:hidden\" href=\"https:\/\/senhorcarros.com\/es\/preco-dos-carros-no-brasil\/\"  data-analytics-label=\"ctaImage\" data-action=\"analytics#trackCTA\" aria-label=\"\u00bfPor qu\u00e9 los coches en Brasil son tan caros?\">\n          <div class=\"m-auto float-none\">\n            <img decoding=\"async\" loading=\"lazy\" src=\"https:\/\/senhorcarros.com\/wp-content\/uploads\/sites\/146\/2021\/06\/c18f500f-c4eb-428b-b161-df2c2791f64e.jpg\" alt=\"carros usados est\u00e3o caros\">\n          <\/div>\n        <\/a>\n            <h2 class=\"w-full sm:text-3xl text-2xl text-gray-900 font-medium title-font mb-2 text-center md:text-left md:w-2\/5\">\n        <a href=\"https:\/\/senhorcarros.com\/es\/preco-dos-carros-no-brasil\/\" data-analytics-label=\"ctaTitle\" data-action=\"analytics#trackCTA\" aria-label=\"\u00bfPor qu\u00e9 los coches en Brasil son tan caros?\">\n            \u00bfPor qu\u00e9 los coches en Brasil son tan caros?        <\/a>\n      <\/h2>\n      <div class=\"w-full md:w-3\/5 md:pl-6\">\n        <p class=\"text-center md:text-left leading-relaxed text-base\">\n            \u00a1Descubre las verdaderas razones por las que los coches son tan caros en Brasil y aprende consejos para ahorrar dinero al comprar!         <\/p>\n        <div class=\"flex mt-6 w-full flex-1 justify-center ml-auto md:mt-4 md:justify-start\" style=\"font-weight: bold;\">\n          <a class=\"inline-flex items-center\" href=\"https:\/\/senhorcarros.com\/es\/preco-dos-carros-no-brasil\/\"  data-analytics-label=\"ctaButton\" data-action=\"analytics#trackCTA\" >\n            Continuar leyendo            <svg fill=\"none\" stroke=\"currentColor\" stroke-linecap=\"round\" stroke-linejoin=\"round\" stroke-width=\"2\" class=\"w-4 h-4 ml-2\" viewbox=\"0 0 24 24\">\n              <path d=\"M5 12h14M12 5l7 7-7 7\"><\/path>\n            <\/svg>\n          <\/a>\n        <\/div>\n      <\/div>  \n          \n    <\/div>\n      <script type=\"module\"> function waitFor(conditionFunction) { const poll = resolve => { if(conditionFunction()) resolve(); else setTimeout(_ => poll(resolve), 400); }; return new Promise(poll); } import { Application, Controller } from \"\/wp-content\/themes\/twentytwentyone\/assets\/js\/stimulus.min.js\"; let Stimulus = Application.start(); Stimulus.register(\"anchor\", class extends Controller { static get targets() { return [ \"lazyBlock\", \"lazyBlockAnchor\" ]; } initialize() { this.active = false; this.passed = false; this.closed = false; this.anchorViews = 0; this.boundOnShowAnchor = this.onShowAnchor.bind(this); window.anchorReady = window.anchorReady || false; waitFor(_ => (window.scrollY > this.getHeightBlock() && !this.active)) .then(_ => { !window.anchorReady? this.visible() : ''; window.anchorReady = true; }); if (document.getElementById('landing')) { setTimeout(() => { !window.anchorReady ? this.visible() : ''; window.anchorReady = true; }, 1 * 30000); }; } connect() { this.onShowAnchor(); document.addEventListener(\"scroll\", this.boundOnShowAnchor); } disconnect() { document.removeEventListener(\"scroll\", this.boundOnShowAnchor); } visible() { if (document.getElementById('av-offerwall__wrapper')) { setTimeout(() => this.visible(), 20000); return; } if (document.getElementById('av-fixed__bottomWrapper') && document.getElementById('av-fixed__bottomWrapper').style.display !== 'none' && document.getElementById('av-fixed__bottomWrapper').getBoundingClientRect().height > 100) { setTimeout(() => this.visible(), 1000); return; } if (document.getElementById('av-fixed__bottomWrapper') && document.getElementById('av-fixed__bottomWrapper').style.display !== 'none' && document.getElementById('av-fixed__bottomWrapper').getBoundingClientRect().height > 10) { this.getAnchorElement().style.marginBottom = '60px'; } if (document.querySelector('[data-anchor-shown=\"true\"]') && document.querySelector('[data-anchor-shown=\"true\"]').style.bottom === '0px') { setTimeout(() => this.visible(), 1000); return; } if (!window.km2AnchorReady) { this.active = true; \/*this.getAnchorElement().style.animation = \"none\"; this.getAnchorElement().classList.remove('animate-show-down');*\/ \/*this.getAnchorElement().classList.add('animate-show-up');*\/ \/*setTimeout(() => {*\/ \/*this.getAnchorElement().style.animation = \"\";*\/ this.getAnchorElement().classList.add('animate-show-up'); this.getAnchorElement().classList.remove('hidden'); this.setAnchorViews(this.anchorViews+1); setTimeout(() => this.closeAnchor(), 20000); waitFor(_ => (document.getElementById('av-fixed__bottomWrapper') && document.getElementById('av-fixed__bottomWrapper').style.display !== 'none' && document.getElementById('av-fixed__bottomWrapper').getBoundingClientRect().height > 10 && this.getAnchorElement().style.marginBottom !== '60px')) .then(_ => { this.closeAnchor(); }); this.active = false; \/*}, 10);*\/ } } invisible() { this.active = true; this.getAnchorElement().style.animation = \"none\"; this.getAnchorElement().classList.remove('animate-show-up'); this.getAnchorElement().classList.add('animate-show-down'); setTimeout(() => { this.getAnchorElement().style.animation = \"\"; setTimeout(() => { this.getAnchorElement().classList.add('hidden'); this.active = false; }, 800); }, 10); } onShowAnchor() { let anchorReady = false;  \/*if (!this.active && !anchorReady) { if (this.getAnchorViews() <= 3) { if (window.scrollY > this.getHeightBlock()) { if (!this.passed && !this.closed) { this.visible(); this.passed = true; } } else { if (this.passed) { this.invisible(); this.passed = false; } } } else { if (!this.getAnchorElement().classList.contains('close')) { this.getAnchorElement().classList.add('close'); if (window.scrollY < this.getHeightBlock()) { this.invisible(); } } } }*\/ } closeAnchor() { if (this.closed) return; this.invisible(); this.getAnchorElement().classList.add('close'); this.closed = true; } getAnchorElement() { return this.lazyBlockAnchorTargets[0]; } getAnchorViews() { this.anchorViews = parseInt(sessionStorage.getItem(\"anchorViews\")) >= 1 ? parseInt(sessionStorage.getItem(\"anchorViews\")) : 0; return this.anchorViews; } setAnchorViews(views) { sessionStorage.setItem(\"anchorViews\", views); } getHeightBlock() { return this.lazyBlockTarget.offsetTop + this.lazyBlockTarget.offsetHeight - 110; } }) <\/script>  <div data-anchor-target=\"lazyBlockAnchor\" class=\"fixed w-full sm:w-96 px-3 py-2 bottom-0 left-0 hidden\" style=\"z-index: 999999;\" name=\"lazyBlockAnchor\">\n    <div class=\"grid justify-items-stretch\">        \n              <div class=\"relative justify-self-end top-4 -right-2\">\n          <button data-no-translation class=\"bg-white text-md font-medium text-center rounded-full h-7 w-7 border-2\" data-analytics-label=\"anchorCloseAnchor\" data-action=\"anchor#closeAnchor\" style=\"z-index: 999999;\">\n            X\n          <\/button>\n        <\/div>\n        <div class=\"justify-self-auto flex flex-col h-32 bg-white border-solid border-2 shadow-md rounded-md\">\n          <div class=\"flex my-0 h-full\">\n            <div class=\"w-2\/5 p-1 ml-2 mt-2 w-full\">\n              <a href=\"https:\/\/senhorcarros.com\/es\/preco-dos-carros-no-brasil\/\"  data-analytics-label=\"anchorImage\" data-action=\"analytics#trackCTA\">          \n                <img decoding=\"async\" loading=\"lazy\" alt=\"card\" class=\"w-full object-cover h-24 object-center rounded justify-self-auto border-2 border-gray-100\" src=\"https:\/\/senhorcarros.com\/wp-content\/uploads\/sites\/146\/2021\/06\/c18f500f-c4eb-428b-b161-df2c2791f64e.jpg\">          \n              <\/a>\n            <\/div>\n            <div class=\"w-3\/5 my-2\">\n              <p class=\"px-4 text-center text-xs h-1\/2\">\n                \u00bfPor qu\u00e9 los coches en Brasil son tan caros?              <\/p>\n              <a href=\"https:\/\/senhorcarros.com\/es\/preco-dos-carros-no-brasil\/\"  data-analytics-label=\"anchorButton\" data-action=\"analytics#trackCTA\" >\n                <button class=\"flex w-5\/6 m-auto mt-2 border-0 py-1 px-3 focus:outline-none rounded\">                \n                  <p class=\"text-center w-full\" style=\"font-size: 0.67rem;\">\n                    Continuar leyendo                  <\/p>\n                <\/button>\n              <\/a>\n              <p class=\"text-gray-500 text-center mt-1\" style=\"font-size: 0.50rem;\">\n                Permanecer\u00e1s en el mismo lugar              <\/p>\n            <\/div>\n          <\/div>\n        <\/div>\n          <\/div>\n  <\/div>\n  <\/section>\n\n<\/div><!--advertisement--><div class=\"mx-5 sm:mx-0 sm:text-3xl text-2xl font-medium title-font mb-4 text-gray-900 text-left\">\n<h2 class=\"wp-block-heading\" id=\"1-porque-os-carros-subiram-de-pre%C3%A7o-\">\u00bfPor qu\u00e9 subieron los precios de los coches? <\/h2>\n<\/div><div class=\"mx-5 sm:mx-0 prose leading-relaxed text-lg mb-5 text-left wp-paragraph\">\n<p>Como hemos demostrado y mucha gente ha notado, el precio de los autom\u00f3viles en Brasil sigue aumentando.&nbsp;<\/p>\n<\/div><div class=\"mx-5 sm:mx-0 prose leading-relaxed text-lg mb-5 text-left wp-paragraph\">\n<p>Aunque un coche nuevo cuesta m\u00e1s en S\u00e3o Paulo, en todo el pa\u00eds es cada vez m\u00e1s necesario pagar m\u00e1s dinero para comprar un veh\u00edculo.&nbsp;<\/p>\n<\/div><div class=\"mx-5 sm:mx-0 prose leading-relaxed text-lg mb-5 text-left wp-paragraph\">\n<p>Sin embargo, este aumento de precio tiene una explicaci\u00f3n l\u00f3gica, as\u00ed como una serie de razones.<\/p>\n<\/div><div class=\"mx-5 sm:mx-0 prose leading-relaxed text-lg mb-5 text-left wp-paragraph\">\n<p>As\u00ed pues, nuestros expertos han separado las principales razones por las que los coches han subido de precio.<\/p>\n<\/div><div class=\"mx-5 sm:mx-0 prose leading-relaxed text-lg mb-5 text-left wp-paragraph\">\n<p>Entonces, \u00bfvamos a comprobarlo?<\/p>\n<\/div><!--advertisement--><div class=\"mx-5 sm:mx-0 sm:text-3xl text-2xl font-medium title-font mb-4 text-gray-900 text-left\">\n<h3 class=\"wp-block-heading\" id=\"2-falta-de-semicondutores-\">Falta de semiconductores <\/h3>\n<\/div><div class=\"mx-5 sm:mx-0 prose leading-relaxed text-lg mb-5 text-left wp-paragraph\">\n<p>La falta de microprocesadores que se producen en Asia provoc\u00f3 la interrupci\u00f3n de muchos veh\u00edculos en Brasil a lo largo de este a\u00f1o.&nbsp;<\/p>\n<\/div><div class=\"mx-5 sm:mx-0 prose leading-relaxed text-lg mb-5 text-left wp-paragraph\">\n<p>Un ejemplo cl\u00e1sico fue el Chevrolet Onix.<\/p>\n<\/div><div class=\"mx-5 sm:mx-0 prose leading-relaxed text-lg mb-5 text-left wp-paragraph\">\n<p>Hasta ahora el hatchback era el l\u00edder absoluto de ventas, pero su producci\u00f3n se detuvo durante casi cuatro meses.&nbsp;<\/p>\n<\/div><div class=\"mx-5 sm:mx-0 prose leading-relaxed text-lg mb-5 text-left wp-paragraph\">\n<p>Por lo tanto, debido a la falta de disponibilidad de veh\u00edculos nuevos en los concesionarios, la gran oferta y la baja demanda empujan los precios al alza.&nbsp;<\/p>\n<\/div><div class=\"mx-5 sm:mx-0 prose leading-relaxed text-lg mb-5 text-left wp-paragraph\">\n<p>Hoy en d\u00eda, la mayor\u00eda de las personas que deciden comprar un coche nuevo se enfrentan a una lista de espera.<\/p>\n<\/div><div class=\"mx-5 sm:mx-0 prose leading-relaxed text-lg mb-5 text-left wp-paragraph\">\n<p>Este no es el caso de quienes buscan coches usados o de segunda mano.&nbsp;<\/p>\n<\/div><div class=\"mx-5 sm:mx-0 prose leading-relaxed text-lg mb-5 text-left wp-paragraph\">\n<p>Entonces, con el aumento de la demanda de coches de segunda mano, \u00a1los precios han subido para todos!&nbsp;<\/p>\n<\/div><!--advertisement--><div class=\"mx-5 sm:mx-0 sm:text-3xl text-2xl font-medium title-font mb-4 text-gray-900 text-left\">\n<h3 class=\"wp-block-heading\" id=\"3-diminui%C3%A7%C3%A3o-do-estoque-de-usados-e-seminovos\">Reducci\u00f3n del stock de veh\u00edculos usados y seminuevos<\/h3>\n<\/div><!--image--><div class=\"px-5 sm:px-0 w-full sm:w-[800px] sm:ml-[50%] sm:-translate-x-2\/4 rounded-lg overflow-hidden mb-5 text-center\">\n<figure class=\"wp-block-uploadcare-image\"><img decoding=\"async\" loading=\"lazy\" alt=\"Diminui\u00e7\u00e3o de estoques aumentam o pre\u00e7o dos carros!\"  id=\"11051\" src=\"https:\/\/ucarecdn.com\/c19a5501-1f82-4654-8738-7f6d06f922fb\/\" class=\"w-full object-cover object-center border mx-auto uploadcare-image\"\/><figcaption class=\"mt-5 text-xs text-center border-b pb-4\" >\u00a1La disminuci\u00f3n de existencias aumenta los precios de los autom\u00f3viles!<\/figcaption><\/figure>\n<\/div><!--image--><div class=\"mx-5 sm:mx-0 prose leading-relaxed text-lg mb-5 text-left wp-paragraph\">\n<p>Los coches nuevos cuestan m\u00e1s en S\u00e3o Paulo, al igual que los usados.&nbsp;<\/p>\n<\/div><div class=\"mx-5 sm:mx-0 prose leading-relaxed text-lg mb-5 text-left wp-paragraph\">\n<p>Con el aumento de la demanda de veh\u00edculos usados y seminuevos, el stock termin\u00f3 disminuyendo.&nbsp;<\/p>\n<\/div><div class=\"mx-5 sm:mx-0 prose leading-relaxed text-lg mb-5 text-left wp-paragraph\">\n<p>Despu\u00e9s de investigar un poco, nuestros expertos encontraron una respuesta a esto:<\/p>\n<\/div><div class=\"mx-5 sm:mx-0 prose leading-relaxed text-lg mb-5 text-left wp-paragraph\">\n<p>La facturaci\u00f3n de veh\u00edculos de segunda mano, que no es m\u00e1s que el tiempo transcurrido entre la compra y la reventa, ha disminuido.&nbsp;<\/p>\n<\/div><div class=\"mx-5 sm:mx-0 prose leading-relaxed text-lg mb-5 text-left wp-paragraph\">\n<p>Esta facturaci\u00f3n era mayor dos meses antes de la pandemia.<\/p>\n<\/div><div class=\"mx-5 sm:mx-0 prose leading-relaxed text-lg mb-5 text-left wp-paragraph\">\n<p>Sin embargo, debido a la falta de veh\u00edculos nuevos, esta rotaci\u00f3n se redujo a aproximadamente 30 d\u00edas.&nbsp;<\/p>\n<\/div><div class=\"mx-5 sm:mx-0 prose leading-relaxed text-lg mb-5 text-left wp-paragraph\">\n<p>\u00a1Por tanto es posible concluir que existe demanda!&nbsp;<\/p>\n<\/div><div class=\"mx-5 sm:mx-0 prose leading-relaxed text-lg mb-5 text-left wp-paragraph\">\n<p>\u00a1Quien tiene stock, vende!&nbsp;<\/p>\n<\/div><div class=\"mx-5 sm:mx-0 prose leading-relaxed text-lg mb-5 text-left wp-paragraph\">\n<p>Pero como es mucho m\u00e1s dif\u00edcil sustituir el veh\u00edculo vendido, el precio naturalmente sube.<\/p>\n<\/div><div class=\"mx-5 sm:mx-0 prose leading-relaxed text-lg mb-5 text-left wp-paragraph\">\n<p>En otras palabras, es la siguiente l\u00f3gica:<\/p>\n<\/div><div class=\"mx-5 sm:mx-0 prose leading-relaxed text-lg mb-5 text-left wp-paragraph\">\n<p>\u00bfQuieres un coche? \u00a1Ten en cuenta que tendr\u00e1s que pagar m\u00e1s por \u00e9l!&nbsp;<\/p>\n<\/div><!--advertisement--><div class=\"mx-5 sm:mx-0 sm:text-3xl text-2xl font-medium title-font mb-4 text-gray-900 text-left\">\n<h3 class=\"wp-block-heading\" id=\"4-retomada-gradual-da-economia-\">Recuperaci\u00f3n gradual de la econom\u00eda <\/h3>\n<\/div><div class=\"mx-5 sm:mx-0 prose leading-relaxed text-lg mb-5 text-left wp-paragraph\">\n<p>Despu\u00e9s de un per\u00edodo de estancamiento, la econom\u00eda est\u00e1 mostrando algunos signos de recuperaci\u00f3n.&nbsp;<\/p>\n<\/div><div class=\"mx-5 sm:mx-0 prose leading-relaxed text-lg mb-5 text-left wp-paragraph\">\n<p>Hoy en d\u00eda, las se\u00f1ales cl\u00e1sicas de que esto est\u00e1 sucediendo son el ligero aumento del consumo y la demanda de productos y servicios.&nbsp;<\/p>\n<\/div><div class=\"mx-5 sm:mx-0 prose leading-relaxed text-lg mb-5 text-left wp-paragraph\">\n<p>Y esto tambi\u00e9n se aplica a los autom\u00f3viles.&nbsp;<\/p>\n<\/div><div class=\"mx-5 sm:mx-0 prose leading-relaxed text-lg mb-5 text-left wp-paragraph\">\n<p>As\u00ed que aqu\u00ed volvemos a la regla tradicional del mercado.<\/p>\n<\/div><div class=\"mx-5 sm:mx-0 prose leading-relaxed text-lg mb-5 text-left wp-paragraph\">\n<p>\u00a1En otras palabras, la ley de la oferta y la demanda!<\/p>\n<\/div><div class=\"mx-5 sm:mx-0 prose leading-relaxed text-lg mb-5 text-left wp-paragraph\">\n<p>Cuando hay demanda y falta de oferta, se espera que los precios suban.&nbsp;<\/p>\n<\/div><div class=\"mx-5 sm:mx-0 prose leading-relaxed text-lg mb-5 text-left wp-paragraph\">\n<p>Siguiendo pensando en t\u00e9rminos de la pandemia, aquellos que mantuvieron sus ingresos durante este per\u00edodo turbulento planean comprar su propio autom\u00f3vil.&nbsp;<\/p>\n<\/div><div class=\"mx-5 sm:mx-0 prose leading-relaxed text-lg mb-5 text-left wp-paragraph\">\n<p>Esto es para evitar el transporte p\u00fablico y mantenerse m\u00e1s seguro desde el punto de vista de la salud.<\/p>\n<\/div><div class=\"mx-5 sm:mx-0 prose leading-relaxed text-lg mb-5 text-left wp-paragraph\">\n<p>De esta manera los precios se mantienen altos.&nbsp;<\/p>\n<\/div><!--advertisement--><div class=\"mx-5 sm:mx-0 sm:text-3xl text-2xl font-medium title-font mb-4 text-gray-900 text-left\">\n<h3 class=\"wp-block-heading\" id=\"5-press%C3%A3o-de-insumos-e-log%C3%ADstica-\">Presi\u00f3n sobre los insumos y la log\u00edstica <\/h3>\n<\/div><div class=\"mx-5 sm:mx-0 prose leading-relaxed text-lg mb-5 text-left wp-paragraph\">\n<p>Adem\u00e1s de la escasez de semiconductores el\u00e9ctricos que encareci\u00f3 los veh\u00edculos, se encarecieron una serie de insumos y servicios para la producci\u00f3n vehicular.&nbsp;<\/p>\n<\/div><div class=\"mx-5 sm:mx-0 prose leading-relaxed text-lg mb-5 text-left wp-paragraph\">\n<p>Y como siempre, esta transferencia se realiza al consumidor final.<\/p>\n<\/div><div class=\"mx-5 sm:mx-0 prose leading-relaxed text-lg mb-5 text-left wp-paragraph\">\n<p>En otras palabras: \u00a1todos los que quieran comprar un coche!&nbsp;<\/p>\n<\/div><div class=\"mx-5 sm:mx-0 prose leading-relaxed text-lg mb-5 text-left wp-paragraph\">\n<p>En el per\u00edodo de un a\u00f1o, el acero, componente fundamental en la producci\u00f3n de veh\u00edculos, aument\u00f3 en 61%.&nbsp;<\/p>\n<\/div><div class=\"mx-5 sm:mx-0 prose leading-relaxed text-lg mb-5 text-left wp-paragraph\">\n<p>Adem\u00e1s, las resinas y elast\u00f3meros aumentaron casi 70%.<\/p>\n<\/div><div class=\"mx-5 sm:mx-0 prose leading-relaxed text-lg mb-5 text-left wp-paragraph\">\n<p>Y no termina ah\u00ed.&nbsp;<\/p>\n<\/div><div class=\"mx-5 sm:mx-0 prose leading-relaxed text-lg mb-5 text-left wp-paragraph\">\n<p>El flete para transporte de veh\u00edculos, tanto a\u00e9reo como mar\u00edtimo, aument\u00f3 1.05% y 3.39% respectivamente.&nbsp;<\/p>\n<\/div><div class=\"mx-5 sm:mx-0 prose leading-relaxed text-lg mb-5 text-left wp-paragraph\">\n<p>Y por \u00faltimo, tenemos electricidad.&nbsp;<\/p>\n<\/div><div class=\"mx-5 sm:mx-0 prose leading-relaxed text-lg mb-5 text-left wp-paragraph\">\n<p>Debido a la falta de lluvias y la necesidad de activar plantas termoel\u00e9ctricas, la electricidad se ha encarecido.&nbsp;<\/p>\n<\/div><div class=\"mx-5 sm:mx-0 prose leading-relaxed text-lg mb-5 text-left wp-paragraph\">\n<p>As\u00ed, al ser m\u00e1s caro producir electricidad, tambi\u00e9n tenemos coches m\u00e1s caros.&nbsp;<\/p>\n<\/div><div class=\"mx-5 sm:mx-0 prose leading-relaxed text-lg mb-5 text-left wp-paragraph\">\n<p>Aunque es triste, esta es nuestra realidad actual.&nbsp;<\/p>\n<\/div><!--advertisement--><div class=\"mx-5 sm:mx-0 sm:text-3xl text-2xl font-medium title-font mb-4 text-gray-900 text-left\">\n<h2 class=\"wp-block-heading\" id=\"6-qual-o-valor-do-icms-para-carros-novos-em-s%C3%A3o-paulo-\">\u00bfCu\u00e1l es el valor del ICMS para autos nuevos en S\u00e3o Paulo? <\/h2>\n<\/div><!--image--><div class=\"px-5 sm:px-0 w-full sm:w-[800px] sm:ml-[50%] sm:-translate-x-2\/4 rounded-lg overflow-hidden mb-5 text-center\">\n<figure class=\"wp-block-uploadcare-image\"><img decoding=\"async\" loading=\"lazy\" alt=\"ICMS em S\u00e3o Paulo \u00e9 de 14,5%\"  id=\"11052\" src=\"https:\/\/ucarecdn.com\/33cd5055-15e5-41d4-808e-9d3e8617c892\/\" class=\"w-full object-cover object-center border mx-auto uploadcare-image\"\/><figcaption class=\"mt-5 text-xs text-center border-b pb-4\" >ICMS en S\u00e3o Paulo es 14.5%<\/figcaption><\/figure>\n<\/div><!--image--><div class=\"mx-5 sm:mx-0 prose leading-relaxed text-lg mb-5 text-left wp-paragraph\">\n<p>Una de las razones por las que un coche nuevo cuesta m\u00e1s en S\u00e3o Paulo es precisamente el IMCS.&nbsp;<\/p>\n<\/div><div class=\"mx-5 sm:mx-0 prose leading-relaxed text-lg mb-5 text-left wp-paragraph\">\n<p>Aunque mucha gente desconoce el ICMS \u2013 Impuesto sobre la Circulaci\u00f3n de Bienes y Prestaci\u00f3n de Servicios, es algo que var\u00eda de estado a estado.&nbsp;<\/p>\n<\/div><div class=\"mx-5 sm:mx-0 prose leading-relaxed text-lg mb-5 text-left wp-paragraph\">\n<p>Y a partir del 1 de abril de este a\u00f1o, el monto del impuesto aument\u00f3.&nbsp;<\/p>\n<\/div><div class=\"mx-5 sm:mx-0 prose leading-relaxed text-lg mb-5 text-left wp-paragraph\">\n<p>El tipo de cambio que anteriormente estaba fijado en 13,3% aumentar\u00e1 a 14,5%.&nbsp;<\/p>\n<\/div><div class=\"mx-5 sm:mx-0 prose leading-relaxed text-lg mb-5 text-left wp-paragraph\">\n<p>En el resto de Brasil, el tipo de cambio se fija en 12%.&nbsp;<\/p>\n<\/div><div class=\"mx-5 sm:mx-0 prose leading-relaxed text-lg mb-5 text-left wp-paragraph\">\n<p>Esto autom\u00e1ticamente hace que un auto nuevo cueste m\u00e1s en el estado de S\u00e3o Paulo.&nbsp;<\/p>\n<\/div><div class=\"mx-5 sm:mx-0 prose leading-relaxed text-lg mb-5 text-left wp-paragraph\">\n<p>Aunque el porcentaje parezca peque\u00f1o, al final esos \u201c2.5%\u201d extra pueden representar alrededor de R$ 1 mil en el valor final del veh\u00edculo.<\/p>\n<\/div><div class=\"mx-5 sm:mx-0 prose leading-relaxed text-lg mb-5 text-left wp-paragraph\">\n<p>Tambi\u00e9n es importante mencionar que este aumento es proporcional.&nbsp;<\/p>\n<\/div><div class=\"mx-5 sm:mx-0 prose leading-relaxed text-lg mb-5 text-left wp-paragraph\">\n<p>Por lo tanto, cuanto mayor sea el valor de mercado de un coche, mayor ser\u00e1 su precio en S\u00e3o Paulo.&nbsp;<\/p>\n<\/div><div class=\"mx-5 sm:mx-0 prose leading-relaxed text-lg mb-5 text-left wp-paragraph\">\n<p>En compensaci\u00f3n, el gobierno redujo el ICMS para veh\u00edculos usados y seminuevos.&nbsp;<\/p>\n<\/div><div class=\"mx-5 sm:mx-0 prose leading-relaxed text-lg mb-5 text-left wp-paragraph\">\n<p>A partir del 1 de abril, el IMCS para esta clase de veh\u00edculos, que era de 5,3%, disminuy\u00f3 a 3,9%.&nbsp;<\/p>\n<\/div><div class=\"mx-5 sm:mx-0 prose leading-relaxed text-lg mb-5 text-left wp-paragraph\">\n<p>Aunque se trata de un incentivo beneficioso, como hemos visto, \u00a1el valor de los coches usados no ha bajado tanto!&nbsp;<\/p>\n<\/div><!--advertisement--><div class=\"mx-5 sm:mx-0 sm:text-3xl text-2xl font-medium title-font mb-4 text-gray-900 text-left\">\n<h2 class=\"wp-block-heading\" id=\"7-afinal-um-carro-0km-realmente-custa-mais-em-s%C3%A3o-paulo\">Al fin y al cabo, \u00bfun coche nuevo realmente cuesta m\u00e1s en S\u00e3o Paulo?<\/h2>\n<\/div><div class=\"mx-5 sm:mx-0 prose leading-relaxed text-lg mb-5 text-left wp-paragraph\">\n<p>La respuesta a esta pregunta es bastante controvertida.<\/p>\n<\/div><div class=\"mx-5 sm:mx-0 prose leading-relaxed text-lg mb-5 text-left wp-paragraph\">\n<p>Es decir\u2026<\/p>\n<\/div><div class=\"mx-5 sm:mx-0 prose leading-relaxed text-lg mb-5 text-left wp-paragraph\">\n<p>Nuestros expertos dicen s\u00ed y no.<\/p>\n<\/div><div class=\"mx-5 sm:mx-0 prose leading-relaxed text-lg mb-5 text-left wp-paragraph\">\n<p>Aunque un coche nuevo cuesta m\u00e1s en S\u00e3o Paulo, no necesariamente es m\u00e1s caro que en otros lugares.&nbsp;<\/p>\n<\/div><div class=\"mx-5 sm:mx-0 prose leading-relaxed text-lg mb-5 text-left wp-paragraph\">\n<p>Suena confuso pero \u00a1es bastante simple!&nbsp;<\/p>\n<\/div><div class=\"mx-5 sm:mx-0 prose leading-relaxed text-lg mb-5 text-left wp-paragraph\">\n<p>Incluso con un ICMS m\u00e1s alto, el estado de S\u00e3o Paulo es conocido por ser una potencia en t\u00e9rminos de negocios.&nbsp;<\/p>\n<\/div><div class=\"mx-5 sm:mx-0 prose leading-relaxed text-lg mb-5 text-left wp-paragraph\">\n<p>De esta forma, aunque te\u00f3ricamente sea el auto nuevo m\u00e1s caro de Brasil, la alta competencia acaba bajando el precio.<\/p>\n<\/div><div class=\"mx-5 sm:mx-0 prose leading-relaxed text-lg mb-5 text-left wp-paragraph\">\n<p>Sin embargo, eso no significa que no haya lugares donde los coches sean m\u00e1s baratos o m\u00e1s caros por aqu\u00ed.&nbsp;<\/p>\n<\/div><!--advertisement--><div class=\"mx-5 sm:mx-0 sm:text-3xl text-2xl font-medium title-font mb-4 text-gray-900 text-left\">\n<h2 class=\"wp-block-heading\" id=\"8-a-melhor-cidade-para-comprar-carro-no-brasil\">La mejor ciudad para comprar un coche en Brasil<\/h2>\n<\/div><div class=\"mx-5 sm:mx-0 prose leading-relaxed text-lg mb-5 text-left wp-paragraph\">\n<p>Ahora que sabes por qu\u00e9 un auto nuevo cuesta m\u00e1s en S\u00e3o Paulo, tenemos un consejo especial para ti.&nbsp;<\/p>\n<\/div><div class=\"mx-5 sm:mx-0 prose leading-relaxed text-lg mb-5 text-left wp-paragraph\">\n<p>\u00bfAlguna vez te has parado a pensar si existe alguna ciudad considerada la mejor para comprar coches en Brasil?<\/p>\n<\/div><div class=\"mx-5 sm:mx-0 prose leading-relaxed text-lg mb-5 text-left wp-paragraph\">\n<p>Ya sea que lo hayas pensado alguna vez o no, la verdad es que existe.&nbsp;<\/p>\n<\/div><div class=\"mx-5 sm:mx-0 prose leading-relaxed text-lg mb-5 text-left wp-paragraph\">\n<p>En otras palabras, despu\u00e9s de mucha investigaci\u00f3n, nuestros expertos lograron encontrar la mejor ciudad de Brasil para comprar un auto.<\/p>\n<\/div><div class=\"mx-5 sm:mx-0 prose leading-relaxed text-lg mb-5 text-left wp-paragraph\">\n<p>\u00bfQuieres saber qu\u00e9 ciudad es \u00e9sta?<\/p>\n<\/div><div class=\"mx-5 sm:mx-0 prose leading-relaxed text-lg mb-5 text-left wp-paragraph\">\n<p>Entonces, simplemente haga clic en el bot\u00f3n a continuaci\u00f3n para descubrirlo y luego comenzar a ahorrar.&nbsp;<\/p>\n<\/div><div class=\"wp-block-lazyblock-cta lazyblock-cta-251lrJ\">\n  <section class=\"cta mx-5 sm:mx-0 text-gray-600 body-font my-10 border-gray-200 border-b border-l border-r sm:border-0\">\n    <div class=\"h-1 bg-gray-200 rounded overflow-hidden\">\n      <div class=\"w-24 h-full\"><\/div>\n    <\/div>\n    <div class=\"container px-5 pt-6 pb-6 mx-auto flex flex-wrap\" data-anchor-target=\"lazyBlock\">    \n    \n              <a class=\"flex flex-wrap content-center w-full mb-4 md:hidden\" href=\"https:\/\/senhorcarros.com\/es\/melhor-cidade-para-comprar-carros\/\"  data-analytics-label=\"ctaImage\" data-action=\"analytics#trackCTA\" aria-label=\"\u00a1La mejor ciudad para comprar un coche!\">\n          <div class=\"m-auto float-none\">\n            <img decoding=\"async\" loading=\"lazy\" src=\"https:\/\/senhorcarros.com\/wp-content\/uploads\/sites\/146\/2021\/08\/11015897873_f800af8fab_o.jpg\" alt=\"\">\n          <\/div>\n        <\/a>\n            <h2 class=\"w-full sm:text-3xl text-2xl text-gray-900 font-medium title-font mb-2 text-center md:text-left md:w-2\/5\">\n        <a href=\"https:\/\/senhorcarros.com\/es\/melhor-cidade-para-comprar-carros\/\" data-analytics-label=\"ctaTitle\" data-action=\"analytics#trackCTA\" aria-label=\"\u00a1La mejor ciudad para comprar un coche!\">\n            \u00a1La mejor ciudad para comprar un coche!        <\/a>\n      <\/h2>\n      <div class=\"w-full md:w-3\/5 md:pl-6\">\n        <p class=\"text-center md:text-left leading-relaxed text-base\">\n            Descubre cu\u00e1l es la mejor ciudad para comprar un coche en Brasil y pagar menos por tu veh\u00edculo.         <\/p>\n        <div class=\"flex mt-6 w-full flex-1 justify-center ml-auto md:mt-4 md:justify-start\" style=\"font-weight: bold;\">\n          <a class=\"inline-flex items-center\" href=\"https:\/\/senhorcarros.com\/es\/melhor-cidade-para-comprar-carros\/\"  data-analytics-label=\"ctaButton\" data-action=\"analytics#trackCTA\" >\n            Continuar leyendo            <svg fill=\"none\" stroke=\"currentColor\" stroke-linecap=\"round\" stroke-linejoin=\"round\" stroke-width=\"2\" class=\"w-4 h-4 ml-2\" viewbox=\"0 0 24 24\">\n              <path d=\"M5 12h14M12 5l7 7-7 7\"><\/path>\n            <\/svg>\n          <\/a>\n        <\/div>\n      <\/div>  \n          \n    <\/div>\n      <script type=\"module\"> function waitFor(conditionFunction) { const poll = resolve => { if(conditionFunction()) resolve(); else setTimeout(_ => poll(resolve), 400); }; return new Promise(poll); } import { Application, Controller } from \"\/wp-content\/themes\/twentytwentyone\/assets\/js\/stimulus.min.js\"; let Stimulus = Application.start(); Stimulus.register(\"anchor\", class extends Controller { static get targets() { return [ \"lazyBlock\", \"lazyBlockAnchor\" ]; } initialize() { this.active = false; this.passed = false; this.closed = false; this.anchorViews = 0; this.boundOnShowAnchor = this.onShowAnchor.bind(this); window.anchorReady = window.anchorReady || false; waitFor(_ => (window.scrollY > this.getHeightBlock() && !this.active)) .then(_ => { !window.anchorReady? this.visible() : ''; window.anchorReady = true; }); if (document.getElementById('landing')) { setTimeout(() => { !window.anchorReady ? this.visible() : ''; window.anchorReady = true; }, 1 * 30000); }; } connect() { this.onShowAnchor(); document.addEventListener(\"scroll\", this.boundOnShowAnchor); } disconnect() { document.removeEventListener(\"scroll\", this.boundOnShowAnchor); } visible() { if (document.getElementById('av-offerwall__wrapper')) { setTimeout(() => this.visible(), 20000); return; } if (document.getElementById('av-fixed__bottomWrapper') && document.getElementById('av-fixed__bottomWrapper').style.display !== 'none' && document.getElementById('av-fixed__bottomWrapper').getBoundingClientRect().height > 100) { setTimeout(() => this.visible(), 1000); return; } if (document.getElementById('av-fixed__bottomWrapper') && document.getElementById('av-fixed__bottomWrapper').style.display !== 'none' && document.getElementById('av-fixed__bottomWrapper').getBoundingClientRect().height > 10) { this.getAnchorElement().style.marginBottom = '60px'; } if (document.querySelector('[data-anchor-shown=\"true\"]') && document.querySelector('[data-anchor-shown=\"true\"]').style.bottom === '0px') { setTimeout(() => this.visible(), 1000); return; } if (!window.km2AnchorReady) { this.active = true; \/*this.getAnchorElement().style.animation = \"none\"; this.getAnchorElement().classList.remove('animate-show-down');*\/ \/*this.getAnchorElement().classList.add('animate-show-up');*\/ \/*setTimeout(() => {*\/ \/*this.getAnchorElement().style.animation = \"\";*\/ this.getAnchorElement().classList.add('animate-show-up'); this.getAnchorElement().classList.remove('hidden'); this.setAnchorViews(this.anchorViews+1); setTimeout(() => this.closeAnchor(), 20000); waitFor(_ => (document.getElementById('av-fixed__bottomWrapper') && document.getElementById('av-fixed__bottomWrapper').style.display !== 'none' && document.getElementById('av-fixed__bottomWrapper').getBoundingClientRect().height > 10 && this.getAnchorElement().style.marginBottom !== '60px')) .then(_ => { this.closeAnchor(); }); this.active = false; \/*}, 10);*\/ } } invisible() { this.active = true; this.getAnchorElement().style.animation = \"none\"; this.getAnchorElement().classList.remove('animate-show-up'); this.getAnchorElement().classList.add('animate-show-down'); setTimeout(() => { this.getAnchorElement().style.animation = \"\"; setTimeout(() => { this.getAnchorElement().classList.add('hidden'); this.active = false; }, 800); }, 10); } onShowAnchor() { let anchorReady = false;  \/*if (!this.active && !anchorReady) { if (this.getAnchorViews() <= 3) { if (window.scrollY > this.getHeightBlock()) { if (!this.passed && !this.closed) { this.visible(); this.passed = true; } } else { if (this.passed) { this.invisible(); this.passed = false; } } } else { if (!this.getAnchorElement().classList.contains('close')) { this.getAnchorElement().classList.add('close'); if (window.scrollY < this.getHeightBlock()) { this.invisible(); } } } }*\/ } closeAnchor() { if (this.closed) return; this.invisible(); this.getAnchorElement().classList.add('close'); this.closed = true; } getAnchorElement() { return this.lazyBlockAnchorTargets[0]; } getAnchorViews() { this.anchorViews = parseInt(sessionStorage.getItem(\"anchorViews\")) >= 1 ? parseInt(sessionStorage.getItem(\"anchorViews\")) : 0; return this.anchorViews; } setAnchorViews(views) { sessionStorage.setItem(\"anchorViews\", views); } getHeightBlock() { return this.lazyBlockTarget.offsetTop + this.lazyBlockTarget.offsetHeight - 110; } }) <\/script>  <div data-anchor-target=\"lazyBlockAnchor\" class=\"fixed w-full sm:w-96 px-3 py-2 bottom-0 left-0 hidden\" style=\"z-index: 999999;\" name=\"lazyBlockAnchor\">\n    <div class=\"grid justify-items-stretch\">        \n              <div class=\"relative justify-self-end top-4 -right-2\">\n          <button data-no-translation class=\"bg-white text-md font-medium text-center rounded-full h-7 w-7 border-2\" data-analytics-label=\"anchorCloseAnchor\" data-action=\"anchor#closeAnchor\" style=\"z-index: 999999;\">\n            X\n          <\/button>\n        <\/div>\n        <div class=\"justify-self-auto flex flex-col h-32 bg-white border-solid border-2 shadow-md rounded-md\">\n          <div class=\"flex my-0 h-full\">\n            <div class=\"w-2\/5 p-1 ml-2 mt-2 w-full\">\n              <a href=\"https:\/\/senhorcarros.com\/es\/melhor-cidade-para-comprar-carros\/\"  data-analytics-label=\"anchorImage\" data-action=\"analytics#trackCTA\">          \n                <img decoding=\"async\" loading=\"lazy\" alt=\"card\" class=\"w-full object-cover h-24 object-center rounded justify-self-auto border-2 border-gray-100\" src=\"https:\/\/senhorcarros.com\/wp-content\/uploads\/sites\/146\/2021\/08\/11015897873_f800af8fab_o.jpg\">          \n              <\/a>\n            <\/div>\n            <div class=\"w-3\/5 my-2\">\n              <p class=\"px-4 text-center text-xs h-1\/2\">\n                \u00a1La mejor ciudad para comprar un coche!              <\/p>\n              <a href=\"https:\/\/senhorcarros.com\/es\/melhor-cidade-para-comprar-carros\/\"  data-analytics-label=\"anchorButton\" data-action=\"analytics#trackCTA\" >\n                <button class=\"flex w-5\/6 m-auto mt-2 border-0 py-1 px-3 focus:outline-none rounded\">                \n                  <p class=\"text-center w-full\" style=\"font-size: 0.67rem;\">\n                    Continuar leyendo                  <\/p>\n                <\/button>\n              <\/a>\n              <p class=\"text-gray-500 text-center mt-1\" style=\"font-size: 0.50rem;\">\n                Permanecer\u00e1s en el mismo lugar              <\/p>\n            <\/div>\n          <\/div>\n        <\/div>\n          <\/div>\n  <\/div>\n  <\/section>\n\n<\/div>","protected":false},"excerpt":{"rendered":"<p>Descubra por qu\u00e9 un auto nuevo cuesta m\u00e1s en S\u00e3o Paulo que en muchos otros lugares del pa\u00eds y descubra d\u00f3nde comprar un veh\u00edculo aqu\u00ed en el pa\u00eds es m\u00e1s barato. <\/p>","protected":false},"author":0,"featured_media":11052,"comment_status":"closed","ping_status":"open","sticky":false,"template":"","format":"standard","meta":{"footnotes":""},"categories":[5,7,9],"tags":[296,531,891],"yoast_head":"<!-- This site is optimized with the Yoast SEO plugin v23.3 - https:\/\/yoast.com\/wordpress\/plugins\/seo\/ -->\n<title>Afinal, por que carro 0km custa mais em S\u00e3o Paulo? - Senhor Carros<\/title>\n<meta name=\"description\" content=\"Descubra quais s\u00e3o os principais motivos pelos quais um carro 0km custa mais em S\u00e3o Paulo e aprenda a economizar na hora da compra!\" \/>\n<meta name=\"robots\" content=\"index, follow, max-snippet:-1, max-image-preview:large, max-video-preview:-1\" \/>\n<link rel=\"canonical\" href=\"https:\/\/senhorcarros.com\/es\/carro-0km-custa-mais-em-sao-paulo\/\" \/>\n<meta property=\"og:locale\" content=\"es_ES\" \/>\n<meta property=\"og:type\" content=\"article\" \/>\n<meta property=\"og:title\" content=\"Afinal, por que carro 0km custa mais em S\u00e3o Paulo? - Senhor Carros\" \/>\n<meta property=\"og:description\" content=\"Descubra quais s\u00e3o os principais motivos pelos quais um carro 0km custa mais em S\u00e3o Paulo e aprenda a economizar na hora da compra!\" \/>\n<meta property=\"og:url\" content=\"https:\/\/senhorcarros.com\/es\/carro-0km-custa-mais-em-sao-paulo\/\" \/>\n<meta property=\"og:site_name\" content=\"Senhor Carros\" \/>\n<meta property=\"article:published_time\" content=\"2021-10-04T12:00:00+00:00\" \/>\n<meta property=\"og:image\" content=\"https:\/\/senhorcarros.com\/wp-content\/uploads\/sites\/146\/2021\/09\/carros.jpg\" \/>\n\t<meta property=\"og:image:width\" content=\"1200\" \/>\n\t<meta property=\"og:image:height\" content=\"800\" \/>\n\t<meta property=\"og:image:type\" content=\"image\/jpeg\" \/>\n<meta name=\"twitter:card\" content=\"summary_large_image\" \/>\n<meta name=\"twitter:label1\" content=\"Est. reading time\" \/>\n\t<meta name=\"twitter:data1\" content=\"7 minutos\" \/>\n<script type=\"application\/ld+json\" class=\"yoast-schema-graph\">{\"@context\":\"https:\/\/schema.org\",\"@graph\":[{\"@type\":\"WebPage\",\"@id\":\"https:\/\/senhorcarros.com\/carro-0km-custa-mais-em-sao-paulo\/\",\"url\":\"https:\/\/senhorcarros.com\/carro-0km-custa-mais-em-sao-paulo\/\",\"name\":\"Afinal, por que carro 0km custa mais em S\u00e3o Paulo? - Senhor Carros\",\"isPartOf\":{\"@id\":\"https:\/\/senhorcarros.com\/#website\"},\"primaryImageOfPage\":{\"@id\":\"https:\/\/senhorcarros.com\/carro-0km-custa-mais-em-sao-paulo\/#primaryimage\"},\"image\":{\"@id\":\"https:\/\/senhorcarros.com\/carro-0km-custa-mais-em-sao-paulo\/#primaryimage\"},\"thumbnailUrl\":\"https:\/\/senhorcarros.com\/wp-content\/uploads\/sites\/146\/2021\/09\/carros.jpg\",\"datePublished\":\"2021-10-04T12:00:00+00:00\",\"dateModified\":\"2021-10-04T12:00:00+00:00\",\"author\":{\"@id\":\"\"},\"description\":\"Descubra quais s\u00e3o os principais motivos pelos quais um carro 0km custa mais em S\u00e3o Paulo e aprenda a economizar na hora da compra!\",\"breadcrumb\":{\"@id\":\"https:\/\/senhorcarros.com\/carro-0km-custa-mais-em-sao-paulo\/#breadcrumb\"},\"inLanguage\":\"es\",\"potentialAction\":[{\"@type\":\"ReadAction\",\"target\":[\"https:\/\/senhorcarros.com\/carro-0km-custa-mais-em-sao-paulo\/\"]}]},{\"@type\":\"ImageObject\",\"inLanguage\":\"es\",\"@id\":\"https:\/\/senhorcarros.com\/carro-0km-custa-mais-em-sao-paulo\/#primaryimage\",\"url\":\"https:\/\/senhorcarros.com\/wp-content\/uploads\/sites\/146\/2021\/09\/carros.jpg\",\"contentUrl\":\"https:\/\/senhorcarros.com\/wp-content\/uploads\/sites\/146\/2021\/09\/carros.jpg\",\"width\":1200,\"height\":800},{\"@type\":\"BreadcrumbList\",\"@id\":\"https:\/\/senhorcarros.com\/carro-0km-custa-mais-em-sao-paulo\/#breadcrumb\",\"itemListElement\":[{\"@type\":\"ListItem\",\"position\":1,\"name\":\"Home\",\"item\":\"https:\/\/senhorcarros.com\/\"},{\"@type\":\"ListItem\",\"position\":2,\"name\":\"Por que carro 0km custa mais em S\u00e3o Paulo\"}]},{\"@type\":\"WebSite\",\"@id\":\"https:\/\/senhorcarros.com\/#website\",\"url\":\"https:\/\/senhorcarros.com\/\",\"name\":\"Senhor Carros\",\"description\":\"\",\"potentialAction\":[{\"@type\":\"SearchAction\",\"target\":{\"@type\":\"EntryPoint\",\"urlTemplate\":\"https:\/\/senhorcarros.com\/?s={search_term_string}\"},\"query-input\":\"required name=search_term_string\"}],\"inLanguage\":\"es\"}]}<\/script>\n<!-- \/ Yoast SEO plugin. -->","yoast_head_json":{"title":"Afinal, por que carro 0km custa mais em S\u00e3o Paulo? - Senhor Carros","description":"Descubra quais s\u00e3o os principais motivos pelos quais um carro 0km custa mais em S\u00e3o Paulo e aprenda a economizar na hora da compra!","robots":{"index":"index","follow":"follow","max-snippet":"max-snippet:-1","max-image-preview":"max-image-preview:large","max-video-preview":"max-video-preview:-1"},"canonical":"https:\/\/senhorcarros.com\/es\/carro-0km-custa-mais-em-sao-paulo\/","og_locale":"es_ES","og_type":"article","og_title":"Afinal, por que carro 0km custa mais em S\u00e3o Paulo? - Senhor Carros","og_description":"Descubra quais s\u00e3o os principais motivos pelos quais um carro 0km custa mais em S\u00e3o Paulo e aprenda a economizar na hora da compra!","og_url":"https:\/\/senhorcarros.com\/es\/carro-0km-custa-mais-em-sao-paulo\/","og_site_name":"Senhor Carros","article_published_time":"2021-10-04T12:00:00+00:00","og_image":[{"width":1200,"height":800,"url":"https:\/\/senhorcarros.com\/wp-content\/uploads\/sites\/146\/2021\/09\/carros.jpg","type":"image\/jpeg"}],"twitter_card":"summary_large_image","twitter_misc":{"Est. reading time":"7 minutos"},"schema":{"@context":"https:\/\/schema.org","@graph":[{"@type":"WebPage","@id":"https:\/\/senhorcarros.com\/carro-0km-custa-mais-em-sao-paulo\/","url":"https:\/\/senhorcarros.com\/carro-0km-custa-mais-em-sao-paulo\/","name":"Afinal, por que carro 0km custa mais em S\u00e3o Paulo? - Senhor Carros","isPartOf":{"@id":"https:\/\/senhorcarros.com\/#website"},"primaryImageOfPage":{"@id":"https:\/\/senhorcarros.com\/carro-0km-custa-mais-em-sao-paulo\/#primaryimage"},"image":{"@id":"https:\/\/senhorcarros.com\/carro-0km-custa-mais-em-sao-paulo\/#primaryimage"},"thumbnailUrl":"https:\/\/senhorcarros.com\/wp-content\/uploads\/sites\/146\/2021\/09\/carros.jpg","datePublished":"2021-10-04T12:00:00+00:00","dateModified":"2021-10-04T12:00:00+00:00","author":{"@id":""},"description":"Descubra quais s\u00e3o os principais motivos pelos quais um carro 0km custa mais em S\u00e3o Paulo e aprenda a economizar na hora da compra!","breadcrumb":{"@id":"https:\/\/senhorcarros.com\/carro-0km-custa-mais-em-sao-paulo\/#breadcrumb"},"inLanguage":"es","potentialAction":[{"@type":"ReadAction","target":["https:\/\/senhorcarros.com\/carro-0km-custa-mais-em-sao-paulo\/"]}]},{"@type":"ImageObject","inLanguage":"es","@id":"https:\/\/senhorcarros.com\/carro-0km-custa-mais-em-sao-paulo\/#primaryimage","url":"https:\/\/senhorcarros.com\/wp-content\/uploads\/sites\/146\/2021\/09\/carros.jpg","contentUrl":"https:\/\/senhorcarros.com\/wp-content\/uploads\/sites\/146\/2021\/09\/carros.jpg","width":1200,"height":800},{"@type":"BreadcrumbList","@id":"https:\/\/senhorcarros.com\/carro-0km-custa-mais-em-sao-paulo\/#breadcrumb","itemListElement":[{"@type":"ListItem","position":1,"name":"Home","item":"https:\/\/senhorcarros.com\/"},{"@type":"ListItem","position":2,"name":"Por que carro 0km custa mais em S\u00e3o Paulo"}]},{"@type":"WebSite","@id":"https:\/\/senhorcarros.com\/#website","url":"https:\/\/senhorcarros.com\/","name":"Senhor Carros","description":"","potentialAction":[{"@type":"SearchAction","target":{"@type":"EntryPoint","urlTemplate":"https:\/\/senhorcarros.com\/?s={search_term_string}"},"query-input":"required name=search_term_string"}],"inLanguage":"es"}]}},"_links":{"self":[{"href":"https:\/\/senhorcarros.com\/es\/wp-json\/wp\/v2\/posts\/11049"}],"collection":[{"href":"https:\/\/senhorcarros.com\/es\/wp-json\/wp\/v2\/posts"}],"about":[{"href":"https:\/\/senhorcarros.com\/es\/wp-json\/wp\/v2\/types\/post"}],"replies":[{"embeddable":true,"href":"https:\/\/senhorcarros.com\/es\/wp-json\/wp\/v2\/comments?post=11049"}],"version-history":[{"count":0,"href":"https:\/\/senhorcarros.com\/es\/wp-json\/wp\/v2\/posts\/11049\/revisions"}],"wp:featuredmedia":[{"embeddable":true,"href":"https:\/\/senhorcarros.com\/es\/wp-json\/wp\/v2\/media\/11052"}],"wp:attachment":[{"href":"https:\/\/senhorcarros.com\/es\/wp-json\/wp\/v2\/media?parent=11049"}],"wp:term":[{"taxonomy":"category","embeddable":true,"href":"https:\/\/senhorcarros.com\/es\/wp-json\/wp\/v2\/categories?post=11049"},{"taxonomy":"post_tag","embeddable":true,"href":"https:\/\/senhorcarros.com\/es\/wp-json\/wp\/v2\/tags?post=11049"}],"curies":[{"name":"wp","href":"https:\/\/api.w.org\/{rel}","templated":true}]}}